{"id":24661,"date":"2023-04-21T13:39:54","date_gmt":"2023-04-21T13:39:54","guid":{"rendered":"https:\/\/elinformante.mx\/?p=24661"},"modified":"2023-04-21T13:41:52","modified_gmt":"2023-04-21T13:41:52","slug":"moderadora-gana-el-debate","status":"publish","type":"post","link":"https:\/\/elinformante.mx\/?p=24661","title":{"rendered":"Moderadora gana el debate"},"content":{"rendered":"\n<blockquote class=\"wp-block-quote is-layout-flow wp-block-quote-is-layout-flow\">\n<p>En el debate entre candidatas a la gubernatura del Estado de M\u00e9xico destac\u00f3 el protagonismo de la moderadora, ya que la percepci\u00f3n de la opini\u00f3n p\u00fablica es que se inclin\u00f3 hacia el lado de la abanderada por PRI-PAN-PRD.<\/p>\n<\/blockquote>\n\n\n\n<p>Delfina G\u00f3mez \u00c1lvarez y Alejandra del Moral Vela debatieron por primera vez rumbo a la elecci\u00f3n en el Estado de M\u00e9xico este 2023. Pero el ejercicio se vio opacado por el protagonismo de la moderadora, Ana Paula Ordorica, quien desde el principio mostr\u00f3 su animadversi\u00f3n hacia la abanderada de Morena, a quien interrumpi\u00f3 en diversas ocasiones.<br><\/p>\n\n\n\n<p>Delfina G\u00f3mez y Alejandra del Moral debatieron por una hora sobre cuatro temas elegidos por el IEEM, la pri\u00edsta destac\u00f3 que el Estado de M\u00e9xico es la entidad con m\u00e1s museos, la cual requiere ser impulsada. Adem\u00e1s, prometi\u00f3 la creaci\u00f3n de dos cinetecas, una en Ecatepec y otra en Neza, adem\u00e1s de un conservatorio en el norte de la entidad.<br><\/p>\n\n\n\n<p>Adem\u00e1s, aprovech\u00f3 para acusar a Delfina G\u00f3mez de cerrar las escuelas de tiempo completo \u201ctraicionando\u201d a las mujeres que trabajan y deben dejar a sus hijos en buen resguardo.<br><\/p>\n\n\n\n<p>Delfina dijo en su momento que Alejandra del Moral se pas\u00f3 atac\u00e1ndola todo el debate y que es porque tiene miedo por ir 20% debajo de ella en las encuestas.<br><\/p>\n\n\n\n<figure class=\"wp-block-image size-large\"><img fetchpriority=\"high\" decoding=\"async\" width=\"1024\" height=\"503\" src=\"https:\/\/elinformante.mx\/wp-content\/uploads\/2023\/04\/moderadora-6-1024x503.jpg\" alt=\"\" class=\"wp-image-24663\" srcset=\"https:\/\/elinformante.mx\/wp-content\/uploads\/2023\/04\/moderadora-6-1024x503.jpg 1024w, https:\/\/elinformante.mx\/wp-content\/uploads\/2023\/04\/moderadora-6-300x147.jpg 300w, https:\/\/elinformante.mx\/wp-content\/uploads\/2023\/04\/moderadora-6-768x377.jpg 768w, https:\/\/elinformante.mx\/wp-content\/uploads\/2023\/04\/moderadora-6-580x285.jpg 580w, https:\/\/elinformante.mx\/wp-content\/uploads\/2023\/04\/moderadora-6-860x422.jpg 860w, https:\/\/elinformante.mx\/wp-content\/uploads\/2023\/04\/moderadora-6.jpg 1140w\" sizes=\"(max-width: 1024px) 100vw, 1024px\" \/><\/figure>\n\n\n\n<p>Tambi\u00e9n dijo que la promoci\u00f3n de la cultura para las nuevas generaciones ser\u00e1 vital en donde habl\u00f3 de la creaci\u00f3n de bachilleratos enfocados en el arte, adem\u00e1s de orquestas juveniles y la restituci\u00f3n del instituto de cultura y deporte.<br><\/p>\n\n\n\n<p>En el tercer tema del debate la primera en tomar la palabra fue Delfina G\u00f3mez, quien habl\u00f3 de la importancia de atender el abasto de agua y el olvido en el que se encuentran las presas que abastecen el agua en la entidad.<br><\/p>\n\n\n\n<p>Alejandra del Moral habl\u00f3 del rescate de pozos en los municipios y de la inversi\u00f3n para mejorar los sistemas hidr\u00e1ulicos existentes, adem\u00e1s de trabajar en coordinaci\u00f3n con la Ciudad de M\u00e9xico para garantizar el abasto al agua.<br><\/p>\n\n\n\n<p>Alejandra del Moral tambi\u00e9n se comprometi\u00f3 a crear dos rutas de Cableb\u00fas y dos de Mexib\u00fas para reducir los tiempos de traslado, adem\u00e1s de trabajar en la creaci\u00f3n de empleos en la entidad para que los mexiquenses no recorran largas distancias para ir a su trabajo.<br><\/p>\n\n\n\n<p>La candidata de Morena afirm\u00f3 que de ser electa, se reunir\u00e1 con transportistas para atender el problema del transporte p\u00fablico en la entidad.<br><\/p>\n\n\n\n<figure class=\"wp-block-image size-large\"><img decoding=\"async\" width=\"1024\" height=\"503\" src=\"https:\/\/elinformante.mx\/wp-content\/uploads\/2023\/04\/moderadora-3-1024x503.jpg\" alt=\"\" class=\"wp-image-24664\" srcset=\"https:\/\/elinformante.mx\/wp-content\/uploads\/2023\/04\/moderadora-3-1024x503.jpg 1024w, https:\/\/elinformante.mx\/wp-content\/uploads\/2023\/04\/moderadora-3-300x147.jpg 300w, https:\/\/elinformante.mx\/wp-content\/uploads\/2023\/04\/moderadora-3-768x377.jpg 768w, https:\/\/elinformante.mx\/wp-content\/uploads\/2023\/04\/moderadora-3-580x285.jpg 580w, https:\/\/elinformante.mx\/wp-content\/uploads\/2023\/04\/moderadora-3-860x422.jpg 860w, https:\/\/elinformante.mx\/wp-content\/uploads\/2023\/04\/moderadora-3.jpg 1140w\" sizes=\"(max-width: 1024px) 100vw, 1024px\" \/><\/figure>\n\n\n\n<p>Alejandra del Moral afirm\u00f3 que el salario rosa seguir\u00e1 siendo prioridad para ella y destac\u00f3 la creaci\u00f3n de una polic\u00eda de g\u00e9nero para combatir las agresiones contra las mujeres.<br><\/p>\n\n\n\n<p>En tanto, Delfina G\u00f3mez habl\u00f3 de impulsar las casas de refugio y de contextualizar la violencia de g\u00e9nero en la entidad.<br><\/p>\n\n\n\n<p>Sobre los feminicidios, Alejandra del Moral dijo que este para ella era un tema personal y que cada \u201cfeminicida en el estado de M\u00e9xico ser\u00e1 perseguido y ser\u00e1 castigado\u201d por lo que se comprometi\u00f3 a tener \u201ccero impunidad\u201d en la materia.<br><\/p>\n\n\n\n<p>La candidata de la coalici\u00f3n PRI, PAN, PRD y NA enfatiz\u00f3 que lo m\u00e1s importante es garantizar la seguridad para las familias mexiquenses y dijo que destinar\u00eda 10 mil polic\u00edas exclusivos a conformar la polic\u00eda de g\u00e9nero.<br><\/p>\n\n\n\n<p>La candidata de Morena tambi\u00e9n habl\u00f3 de los feminicidios y dijo que es \u201cun problema que se tiene que abordar en todas las \u00e1reas\u201d pues tambi\u00e9n se trata de educaci\u00f3n, cultura, econom\u00eda y de justicia.<br><\/p>\n\n\n\n<figure class=\"wp-block-image size-large\"><img decoding=\"async\" width=\"1024\" height=\"503\" src=\"https:\/\/elinformante.mx\/wp-content\/uploads\/2023\/04\/moderadora-4-1024x503.jpg\" alt=\"\" class=\"wp-image-24665\" srcset=\"https:\/\/elinformante.mx\/wp-content\/uploads\/2023\/04\/moderadora-4-1024x503.jpg 1024w, https:\/\/elinformante.mx\/wp-content\/uploads\/2023\/04\/moderadora-4-300x147.jpg 300w, https:\/\/elinformante.mx\/wp-content\/uploads\/2023\/04\/moderadora-4-768x377.jpg 768w, https:\/\/elinformante.mx\/wp-content\/uploads\/2023\/04\/moderadora-4-580x285.jpg 580w, https:\/\/elinformante.mx\/wp-content\/uploads\/2023\/04\/moderadora-4-860x422.jpg 860w, https:\/\/elinformante.mx\/wp-content\/uploads\/2023\/04\/moderadora-4.jpg 1140w\" sizes=\"(max-width: 1024px) 100vw, 1024px\" \/><\/figure>\n\n\n\n<p>Afirm\u00f3 que su prioridad ser\u00e1 atacar de manera frontal los feminicidios desde las leyes, abordado con perspectiva de g\u00e9nero desde los funcionarios.<br><\/p>\n\n\n\n<p>Ana Paula Ordorica arranc\u00f3 el debate sobre el primer tema: combate a la corrupci\u00f3n.<br><\/p>\n\n\n\n<p>Delfina G\u00f3mez, la primera candidata en hablar sobre el tema habl\u00f3 sobre la importancia de la rendici\u00f3n de cuentas y de fortalecer el sistema anticorrupci\u00f3n.<br><\/p>\n\n\n\n<p>Alejandra del Moral se\u00f1al\u00f3 en su turno a la candidata de Morena de robarle a los trabajadores de Texcoco y la invit\u00f3 a pedirles perd\u00f3n a los que se encontraban en el IEEM invitados por ella, sobre sus acciones destac\u00f3 la transparencia en las licitaciones en caso de ser electa gobernadora.<br><\/p>\n\n\n\n<p>Delfina G\u00f3mez, candidata de la coalici\u00f3n Juntos Haremos Historia a la gubernatura del Estado de M\u00e9xico, se posicion\u00f3 en contra de la corrupci\u00f3n en la entidad que pretende gobernar, pero sus propuestas en la materia fueron reviradas por Alejandra del Moral, candidata del PRI, PAN, PRD y NA, al recordarle los se\u00f1alamientos de los que ha sido objeto como presidenta municipal de Texcoco y titular de la SEP.<\/p>\n","protected":false},"excerpt":{"rendered":"<p>En el debate entre candidatas a la gubernatura del Estado de M\u00e9xico destac\u00f3 el protagonismo de la moderadora, ya que la percepci\u00f3n de la opini\u00f3n p\u00fablica es que se inclin\u00f3 hacia el lado de la abanderada por PRI-PAN-PRD. Delfina G\u00f3mez \u00c1lvarez y Alejandra del Moral Vela debatieron por primera vez rumbo a la elecci\u00f3n en [&hellip;]<\/p>\n","protected":false},"author":1,"featured_media":24662,"comment_status":"closed","ping_status":"closed","sticky":false,"template":"","format":"standard","meta":{"footnotes":""},"categories":[30,31],"tags":[],"class_list":["post-24661","post","type-post","status-publish","format-standard","has-post-thumbnail","hentry","category-destacado","category-portada"],"_links":{"self":[{"href":"https:\/\/elinformante.mx\/index.php?rest_route=\/wp\/v2\/posts\/24661","targetHints":{"allow":["GET"]}}],"collection":[{"href":"https:\/\/elinformante.mx\/index.php?rest_route=\/wp\/v2\/posts"}],"about":[{"href":"https:\/\/elinformante.mx\/index.php?rest_route=\/wp\/v2\/types\/post"}],"author":[{"embeddable":true,"href":"https:\/\/elinformante.mx\/index.php?rest_route=\/wp\/v2\/users\/1"}],"replies":[{"embeddable":true,"href":"https:\/\/elinformante.mx\/index.php?rest_route=%2Fwp%2Fv2%2Fcomments&post=24661"}],"version-history":[{"count":0,"href":"https:\/\/elinformante.mx\/index.php?rest_route=\/wp\/v2\/posts\/24661\/revisions"}],"wp:featuredmedia":[{"embeddable":true,"href":"https:\/\/elinformante.mx\/index.php?rest_route=\/wp\/v2\/media\/24662"}],"wp:attachment":[{"href":"https:\/\/elinformante.mx\/index.php?rest_route=%2Fwp%2Fv2%2Fmedia&parent=24661"}],"wp:term":[{"taxonomy":"category","embeddable":true,"href":"https:\/\/elinformante.mx\/index.php?rest_route=%2Fwp%2Fv2%2Fcategories&post=24661"},{"taxonomy":"post_tag","embeddable":true,"href":"https:\/\/elinformante.mx\/index.php?rest_route=%2Fwp%2Fv2%2Ftags&post=24661"}],"curies":[{"name":"wp","href":"https:\/\/api.w.org\/{rel}","templated":true}]}}