{"id":24689,"date":"2023-04-21T14:16:24","date_gmt":"2023-04-21T14:16:24","guid":{"rendered":"https:\/\/elinformante.mx\/?p=24689"},"modified":"2023-04-21T14:16:25","modified_gmt":"2023-04-21T14:16:25","slug":"pique-pone-a-la-venta-la-mansion-donde-vivia-con-shakira-en-barcelona","status":"publish","type":"post","link":"https:\/\/elinformante.mx\/?p=24689","title":{"rendered":"Piqu\u00e9 pone a la venta la mansi\u00f3n donde viv\u00eda con Shakira en Barcelona"},"content":{"rendered":"\n<blockquote class=\"wp-block-quote is-layout-flow wp-block-quote-is-layout-flow\">\n<p>La mansi\u00f3n donde vivieron Shakira y Piqu\u00e9 los \u00faltimos 10 a\u00f1os podr\u00eda ya estar en venta, seg\u00fan medios espa\u00f1oles.<\/p>\n<\/blockquote>\n\n\n\n<p>El pasado 2 de abril, la cantante colombiana Shakira se mud\u00f3 de Barcelona junto con sus hijos tras m\u00e1s de una d\u00e9cada viviendo en la ciudad espa\u00f1ola al lado de Gerard Piqu\u00e9. Aunque se pensaba que el ex futbolista se establecer\u00eda en este recinto junto con su novia Clara Ch\u00eda, el d\u00eda de hoy se dio a conocer por medios espa\u00f1oles que la mansi\u00f3n ya est\u00e1 en venta.<br><\/p>\n\n\n\n<p>De acuerdo a Mar\u00eda Pati\u00f1o, presentadora de la emisi\u00f3n Socialit\u00e9 en Telecinco, la lujosa mansi\u00f3n de Barcelona ya fue puesta en venta y se dice que su precio es bastante costoso.<br><\/p>\n\n\n\n<p>\u201cS\u00e9 de muy buena fuente que la casa est\u00e1 a la venta por 14 millones de euros\u201d, inform\u00f3 la citada periodista.<br><\/p>\n\n\n\n<p>De acuerdo a la misma reportera, en los \u00faltimos d\u00edas varias personas han sido vistas recorriendo la propiedad ubicada en la exclusiva urbanizaci\u00f3n de Esplugues de LLobregat, municipio de Espa\u00f1a perteneciente a la provincia de Barcelona, en la comunidad aut\u00f3noma de Catalu\u00f1a. Esto con el fin de conocerla y lanzar una contraoferta en caso de que les llegara a interesar.<br><\/p>\n\n\n\n<p>Dicha mansi\u00f3n perteneci\u00f3 a Shakira y Piqu\u00e9 desde 2012 y en ese entonces se estima que su precio fue de 4 millones de d\u00f3lares aproximadamente, aunque a lo largo de los a\u00f1os tuvo una dr\u00e1stica transformaci\u00f3n y varias ampliaciones desde entonces, siendo estas, adem\u00e1s de la inflaci\u00f3n, las razones por las que triplic\u00f3 su valor en este tiempo.<br><\/p>\n\n\n\n<p>Como inform\u00f3 la cantante, hace unas semanas se mud\u00f3 a Miami, Florida junto con sus hijos a una nueva mansi\u00f3n la cual est\u00e1 ubicada en North Bay Road Drive, uno de los distritos m\u00e1s lujosos de Miami Beach donde residen muchas celebrities como Jennifer L\u00f3pez, Ricky Martin o Matt Damon.<br><\/p>\n\n\n\n<p>Esta mansi\u00f3n ya pertenec\u00eda a la cantante quien en su momento la compr\u00f3 por 3 millones de d\u00f3lares y decidi\u00f3 ponerla a la venta sin \u00e9xito en 2018 y hace unos meses la retir\u00f3 del mercado, con la intenci\u00f3n de volver a habitarla tras la ruptura con Piqu\u00e9.<br><\/p>\n\n\n\n<p>Por su parte, el ex futbolista vive en un apartamento de soltero junto con su novia Clara Ch\u00eda, el cual se ubica sobre la calle de Muntaner, est\u00e1 distribuido a lo largo de tres pisos y est\u00e1 valuado en unos 5 millones de d\u00f3lares.<\/p>\n","protected":false},"excerpt":{"rendered":"<p>La mansi\u00f3n donde vivieron Shakira y Piqu\u00e9 los \u00faltimos 10 a\u00f1os podr\u00eda ya estar en venta, seg\u00fan medios espa\u00f1oles. El pasado 2 de abril, la cantante colombiana Shakira se mud\u00f3 de Barcelona junto con sus hijos tras m\u00e1s de una d\u00e9cada viviendo en la ciudad espa\u00f1ola al lado de Gerard Piqu\u00e9. Aunque se pensaba que [&hellip;]<\/p>\n","protected":false},"author":1,"featured_media":24690,"comment_status":"closed","ping_status":"closed","sticky":false,"template":"","format":"standard","meta":{"footnotes":""},"categories":[38],"tags":[],"class_list":["post-24689","post","type-post","status-publish","format-standard","has-post-thumbnail","hentry","category-deportes"],"_links":{"self":[{"href":"https:\/\/elinformante.mx\/index.php?rest_route=\/wp\/v2\/posts\/24689","targetHints":{"allow":["GET"]}}],"collection":[{"href":"https:\/\/elinformante.mx\/index.php?rest_route=\/wp\/v2\/posts"}],"about":[{"href":"https:\/\/elinformante.mx\/index.php?rest_route=\/wp\/v2\/types\/post"}],"author":[{"embeddable":true,"href":"https:\/\/elinformante.mx\/index.php?rest_route=\/wp\/v2\/users\/1"}],"replies":[{"embeddable":true,"href":"https:\/\/elinformante.mx\/index.php?rest_route=%2Fwp%2Fv2%2Fcomments&post=24689"}],"version-history":[{"count":0,"href":"https:\/\/elinformante.mx\/index.php?rest_route=\/wp\/v2\/posts\/24689\/revisions"}],"wp:featuredmedia":[{"embeddable":true,"href":"https:\/\/elinformante.mx\/index.php?rest_route=\/wp\/v2\/media\/24690"}],"wp:attachment":[{"href":"https:\/\/elinformante.mx\/index.php?rest_route=%2Fwp%2Fv2%2Fmedia&parent=24689"}],"wp:term":[{"taxonomy":"category","embeddable":true,"href":"https:\/\/elinformante.mx\/index.php?rest_route=%2Fwp%2Fv2%2Fcategories&post=24689"},{"taxonomy":"post_tag","embeddable":true,"href":"https:\/\/elinformante.mx\/index.php?rest_route=%2Fwp%2Fv2%2Ftags&post=24689"}],"curies":[{"name":"wp","href":"https:\/\/api.w.org\/{rel}","templated":true}]}}