{"id":24692,"date":"2023-04-21T14:17:09","date_gmt":"2023-04-21T14:17:09","guid":{"rendered":"https:\/\/elinformante.mx\/?p=24692"},"modified":"2023-04-21T14:17:10","modified_gmt":"2023-04-21T14:17:10","slug":"mexico-y-eu-anuncian-candidatura-para-el-mundial-femenil-2027","status":"publish","type":"post","link":"https:\/\/elinformante.mx\/?p=24692","title":{"rendered":"M\u00e9xico y EU anuncian candidatura para el Mundial Femenil 2027"},"content":{"rendered":"\n<blockquote class=\"wp-block-quote is-layout-flow wp-block-quote-is-layout-flow\">\n<p>M\u00e9xico y EU presentar\u00e1n una candidatura ante la FIFA para albergar de manera conjunta el Mundial Femenil 2027.<\/p>\n<\/blockquote>\n\n\n\n<p>Este se tratar\u00eda del tercer mundial de la especialidad celebrado en territorio estadunidense (1999 y 2003), mientras que ser\u00eda el primero para M\u00e9xico. El m\u00e1ximo organismo le inform\u00f3 a las federaciones que la fecha l\u00edmite para presentar sus manifestaciones de inter\u00e9s ser\u00eda el pr\u00f3ximo 21 de abril, por ello la Femexfut y la USSF hicieron p\u00fablicas sus intenciones. En tanto que el Acuerdo de Candidatura, es decir la propuesta formal ante el m\u00e1ximo organismo, se deber\u00e1 presentar el pr\u00f3ximo 19 de mayo.<br><\/p>\n\n\n\n<p>El pr\u00f3ximo Mundial Femenil en Australia-Nueva Zelanda ser\u00e1 el primero en celebrarse en conjunto y el segundo con 32 naciones participantes, por ello se busca seguir sobre la misma l\u00ednea y es que la reciente candidatura para el Mundial de 2026 podr\u00eda ser un buen referente en cuanto a infraestructura y organizaci\u00f3n.<br><\/p>\n\n\n\n<p>\u201cEl futbol femenil en M\u00e9xico ha experimentado un crecimiento sostenido durante los \u00faltimos cinco a\u00f1os y su desarrollo, tanto en el campo como fuera de \u00e9l, sumado al empoderamiento femenino que ha logrado y que seguir\u00e1 logrando, es una de las prioridades estrat\u00e9gicas de la Federaci\u00f3n Mexicana de Futbol. Con gusto hacemos equipo nuevamente con la Federaci\u00f3n de Estados Unidos, en la b\u00fasqueda de este Mundial para nuestra regi\u00f3n, que sin duda ser\u00e1 hist\u00f3rico\u201d, se\u00f1al\u00f3 Yon de Luisa, presidente de la FMF.<br><\/p>\n\n\n\n<p>Durante la pr\u00f3xima justa se celebrar\u00e1n talleres sobre las candidaturas y un programa de observadores, los pa\u00edses deber\u00e1n presentar la candidatura oficial a la FIFA a m\u00e1s tardar el 8 de diciembre de 2023, esto significa el proyecto final con el que pretenden afianzarse como sede mundialista.<br><\/p>\n\n\n\n<p>Ser\u00eda hasta mayo de 2024 durante el congreso de la FIFA cuando se designe al anfitri\u00f3n del Mundial femenil 2027.<\/p>\n","protected":false},"excerpt":{"rendered":"<p>M\u00e9xico y EU presentar\u00e1n una candidatura ante la FIFA para albergar de manera conjunta el Mundial Femenil 2027. Este se tratar\u00eda del tercer mundial de la especialidad celebrado en territorio estadunidense (1999 y 2003), mientras que ser\u00eda el primero para M\u00e9xico. El m\u00e1ximo organismo le inform\u00f3 a las federaciones que la fecha l\u00edmite para presentar [&hellip;]<\/p>\n","protected":false},"author":1,"featured_media":24693,"comment_status":"closed","ping_status":"closed","sticky":false,"template":"","format":"standard","meta":{"footnotes":""},"categories":[38],"tags":[],"class_list":["post-24692","post","type-post","status-publish","format-standard","has-post-thumbnail","hentry","category-deportes"],"_links":{"self":[{"href":"https:\/\/elinformante.mx\/index.php?rest_route=\/wp\/v2\/posts\/24692","targetHints":{"allow":["GET"]}}],"collection":[{"href":"https:\/\/elinformante.mx\/index.php?rest_route=\/wp\/v2\/posts"}],"about":[{"href":"https:\/\/elinformante.mx\/index.php?rest_route=\/wp\/v2\/types\/post"}],"author":[{"embeddable":true,"href":"https:\/\/elinformante.mx\/index.php?rest_route=\/wp\/v2\/users\/1"}],"replies":[{"embeddable":true,"href":"https:\/\/elinformante.mx\/index.php?rest_route=%2Fwp%2Fv2%2Fcomments&post=24692"}],"version-history":[{"count":0,"href":"https:\/\/elinformante.mx\/index.php?rest_route=\/wp\/v2\/posts\/24692\/revisions"}],"wp:featuredmedia":[{"embeddable":true,"href":"https:\/\/elinformante.mx\/index.php?rest_route=\/wp\/v2\/media\/24693"}],"wp:attachment":[{"href":"https:\/\/elinformante.mx\/index.php?rest_route=%2Fwp%2Fv2%2Fmedia&parent=24692"}],"wp:term":[{"taxonomy":"category","embeddable":true,"href":"https:\/\/elinformante.mx\/index.php?rest_route=%2Fwp%2Fv2%2Fcategories&post=24692"},{"taxonomy":"post_tag","embeddable":true,"href":"https:\/\/elinformante.mx\/index.php?rest_route=%2Fwp%2Fv2%2Ftags&post=24692"}],"curies":[{"name":"wp","href":"https:\/\/api.w.org\/{rel}","templated":true}]}}