{"id":24695,"date":"2023-04-21T14:17:56","date_gmt":"2023-04-21T14:17:56","guid":{"rendered":"https:\/\/elinformante.mx\/?p=24695"},"modified":"2023-04-21T14:17:57","modified_gmt":"2023-04-21T14:17:57","slug":"rafael-nadal-es-baja-del-mutua-madrid-open","status":"publish","type":"post","link":"https:\/\/elinformante.mx\/?p=24695","title":{"rendered":"Rafael Nadal es baja del Mutua Madrid Open"},"content":{"rendered":"\n<blockquote class=\"wp-block-quote is-layout-flow wp-block-quote-is-layout-flow\">\n<p>La lesi\u00f3n sufrida en el Australian Open en la cadera en principio no luc\u00eda tan grave, por lo que se ten\u00eda prevista una recuperaci\u00f3n de entre 6 y 8 semanas, sin embargo con el pasar de los d\u00edas, el diagn\u00f3stico ha ido cambiando.<\/p>\n<\/blockquote>\n\n\n\n<p>Rafa Nadal dio a conocer su ausencia del Masters 1000 de Madrid al seguir lidiando con una lesi\u00f3n que lo ha hecho perderse Barcelona y Montecarlo, por lo que las dudas sobre su participaci\u00f3n en Roland Garros se han disparado argumentando que su lesi\u00f3n es much\u00edsimo m\u00e1s grave de lo que imaginaba el espa\u00f1ol y su equipo.<br><\/p>\n\n\n\n<p>La lesi\u00f3n sufrida en el Australian Open en la cadera en principio no luc\u00eda tan grave, por lo que se ten\u00eda prevista una recuperaci\u00f3n de entre 6 y 8 semanas, sin embargo con el pasar de los d\u00edas, el diagn\u00f3stico ha ido cambiando y hoy, a 14 semanas, el entorno del jugador teme lo peor de cara a Roland Garros.<br><\/p>\n\n\n\n<p>\u201cLa lesi\u00f3n sigue sin curarse y no puedo trabajar lo que necesito para competir. Estaba entrenando, pero ahora hace unos d\u00edas hemos decidido cambiar un poquito de rumbo, hacer otro tratamiento y ver si las cosas mejoran para intentar llegar a lo que venga. No puedo dar plazos porque si los supiera os lo dir\u00eda pero no lo s\u00e9. Esta es la situaci\u00f3n actual\u201c<br><\/p>\n\n\n\n<figure class=\"wp-block-image size-large\"><img fetchpriority=\"high\" decoding=\"async\" width=\"1024\" height=\"503\" src=\"https:\/\/elinformante.mx\/wp-content\/uploads\/2023\/04\/RAFAEL-1024x503.jpg\" alt=\"\" class=\"wp-image-24697\" srcset=\"https:\/\/elinformante.mx\/wp-content\/uploads\/2023\/04\/RAFAEL-1024x503.jpg 1024w, https:\/\/elinformante.mx\/wp-content\/uploads\/2023\/04\/RAFAEL-300x147.jpg 300w, https:\/\/elinformante.mx\/wp-content\/uploads\/2023\/04\/RAFAEL-768x377.jpg 768w, https:\/\/elinformante.mx\/wp-content\/uploads\/2023\/04\/RAFAEL-580x285.jpg 580w, https:\/\/elinformante.mx\/wp-content\/uploads\/2023\/04\/RAFAEL-860x422.jpg 860w, https:\/\/elinformante.mx\/wp-content\/uploads\/2023\/04\/RAFAEL.jpg 1140w\" sizes=\"(max-width: 1024px) 100vw, 1024px\" \/><\/figure>\n\n\n\n<p>\u201cLa realidad es que la situaci\u00f3n no es la que hubi\u00e9ramos esperado. Se han seguido todas indicaciones m\u00e9dicas, pero de alguna manera la evoluci\u00f3n no ha sido la que en principio nos dijeron y nos encontramos en una situaci\u00f3n que es dif\u00edcil. Est\u00e1n pasando las semanas y ten\u00eda la ilusi\u00f3n de poder jugar en torneos que son los m\u00e1s importantes en mi carrera como Montecarlo, Barcelona, Madrid, Roma, Roland Garros y de momento me he perdido Montecarlo y Barcelona. No voy a poder estar en Madrid desgraciadamente\u201d.<br><\/p>\n\n\n\n<p>El entrenador y mentor de Rafa, Toni Nadal, no pierde la esperanza de que su sobrino juegue en Roland Garros, a pesar de que llegar\u00eda s\u00f3lo con un torneo de preparaci\u00f3n, comparando lo que hizo en el pasado Australian Open:<br><\/p>\n\n\n\n<p>\u201cHablamos el pasado s\u00e1bado. Rafael solamente regresar\u00e1 si se encuentra en buenas condiciones, al cien por cien. Si no, eso no ser\u00e1 bueno para \u00e9l. En el Open de Australia ya jug\u00f3 sin estar a tope. Rafael quiere encontrarse muy bien para volver a jugar. Lo que m\u00e1s le gustar\u00eda es poder llegar a Roland Garros con confianza y f\u00edsicamente bien. Habr\u00e1 que esperar, pero sigue teniendo en su mente intentar ganar de nuevo\u201d.<\/p>\n","protected":false},"excerpt":{"rendered":"<p>La lesi\u00f3n sufrida en el Australian Open en la cadera en principio no luc\u00eda tan grave, por lo que se ten\u00eda prevista una recuperaci\u00f3n de entre 6 y 8 semanas, sin embargo con el pasar de los d\u00edas, el diagn\u00f3stico ha ido cambiando. Rafa Nadal dio a conocer su ausencia del Masters 1000 de Madrid [&hellip;]<\/p>\n","protected":false},"author":1,"featured_media":24696,"comment_status":"closed","ping_status":"closed","sticky":false,"template":"","format":"standard","meta":{"footnotes":""},"categories":[38,30],"tags":[],"class_list":["post-24695","post","type-post","status-publish","format-standard","has-post-thumbnail","hentry","category-deportes","category-destacado"],"_links":{"self":[{"href":"https:\/\/elinformante.mx\/index.php?rest_route=\/wp\/v2\/posts\/24695","targetHints":{"allow":["GET"]}}],"collection":[{"href":"https:\/\/elinformante.mx\/index.php?rest_route=\/wp\/v2\/posts"}],"about":[{"href":"https:\/\/elinformante.mx\/index.php?rest_route=\/wp\/v2\/types\/post"}],"author":[{"embeddable":true,"href":"https:\/\/elinformante.mx\/index.php?rest_route=\/wp\/v2\/users\/1"}],"replies":[{"embeddable":true,"href":"https:\/\/elinformante.mx\/index.php?rest_route=%2Fwp%2Fv2%2Fcomments&post=24695"}],"version-history":[{"count":0,"href":"https:\/\/elinformante.mx\/index.php?rest_route=\/wp\/v2\/posts\/24695\/revisions"}],"wp:featuredmedia":[{"embeddable":true,"href":"https:\/\/elinformante.mx\/index.php?rest_route=\/wp\/v2\/media\/24696"}],"wp:attachment":[{"href":"https:\/\/elinformante.mx\/index.php?rest_route=%2Fwp%2Fv2%2Fmedia&parent=24695"}],"wp:term":[{"taxonomy":"category","embeddable":true,"href":"https:\/\/elinformante.mx\/index.php?rest_route=%2Fwp%2Fv2%2Fcategories&post=24695"},{"taxonomy":"post_tag","embeddable":true,"href":"https:\/\/elinformante.mx\/index.php?rest_route=%2Fwp%2Fv2%2Ftags&post=24695"}],"curies":[{"name":"wp","href":"https:\/\/api.w.org\/{rel}","templated":true}]}}