{"id":24699,"date":"2023-04-21T14:24:05","date_gmt":"2023-04-21T14:24:05","guid":{"rendered":"https:\/\/elinformante.mx\/?p=24699"},"modified":"2023-04-21T14:24:06","modified_gmt":"2023-04-21T14:24:06","slug":"revisa-congreso-reformas-antibullying-discapacidad-y-defensa-personal","status":"publish","type":"post","link":"https:\/\/elinformante.mx\/?p=24699","title":{"rendered":"Revisa Congreso reformas antibullying, discapacidad y defensa personal"},"content":{"rendered":"\n<blockquote class=\"wp-block-quote is-layout-flow wp-block-quote-is-layout-flow\">\n<p>Valoran la realizaci\u00f3n de una consulta sobre la interdicci\u00f3n de personas con discapacidad.<\/p>\n<\/blockquote>\n\n\n\n<p>Comisiones Unidas del Congreso local consideran solicitar la opini\u00f3n de la Sala Constitucional del Poder Judicial sobre la necesidad de realizar una consulta sobre la iniciativa de reforma al C\u00f3digo Civil de la entidad que busca derogar el r\u00e9gimen de interdicci\u00f3n en las personas con discapacidad. Asimismo, las comisiones Para la Atenci\u00f3n de Grupos Vulnerables y de Procuraci\u00f3n y Administraci\u00f3n de Justicia acordaron incorporar las aportaciones de las y los diputados quienes se pronunciaron por un sistema que ayude a las personas con discapacidad en el ejercicio de su capacidad jur\u00eddica.<br><\/p>\n\n\n\n<p>De acuerdo con la iniciativa, la figura de estado de interdicci\u00f3n es una restricci\u00f3n desproporcionada al derecho a la capacidad jur\u00eddica y representa una injerencia que no es armonizable con la Convenci\u00f3n sobre los Derechos de las Personas con Discapacidad, la cual reconoce el derecho a la capacidad jur\u00eddica de todas las personas con discapacidad, sin excepci\u00f3n alguna.<br><\/p>\n\n\n\n<p>Analizan legalizaci\u00f3n de gases y armas electr\u00f3nicas para defensa personal La Comisi\u00f3n Procuraci\u00f3n y Administraci\u00f3n de Justicia del Congreso local continu\u00f3 el an\u00e1lisis de la iniciativa para permitir los rociadores, espolvoreadores, gasificadores y dosificadores de sustancias qu\u00edmicas para defensa personal, siempre y cuando su capacidad no sea superior a los 150 gramos; as\u00ed como de armas electr\u00f3nicas que produzcan efectos pasajeros en el organismo humano, sin llegar a provocar la p\u00e9rdida del conocimiento. Av. Aquiles Serd\u00e1n. n\u00fam. 101-B, Barrio de la Merced, Toluca, M\u00e9xico, C. P.50080Tels. 722 279 6400 y 722 279 6500<br><\/p>\n\n\n\n<p>\u201c2023. A\u00f1o del Septuag\u00e9simo Aniversario del Reconocimiento del Derecho al Voto de las Mujeres en M\u00e9xico\u201d. Direcci\u00f3n General de Comunicaci\u00f3n Social Lo anterior en reuni\u00f3n con autoridades estatales, quienes expresaron sus propuestas y comentarios respecto a la iniciativa que busca fortalecer la autoprotecci\u00f3n de las personas, especialmente de las mujeres.<br><\/p>\n\n\n\n<p>Impulsan lineamientos para la atenci\u00f3n y seguimiento al bullying Las comisiones de Procuraci\u00f3n y Administraci\u00f3n de Justicia y de Educaci\u00f3n, Cultura, Ciencia y Tecnolog\u00eda continuaron el an\u00e1lisis de la iniciativa de reforma a la Ley para Prevenir y Atender el Acoso Escolar de la entidad que busca establecer lineamientos para la atenci\u00f3n y seguimiento de casos de acoso escolar o bullying en las instituciones educativas de la entidad.<br><\/p>\n\n\n\n<p>Las y los diputados respaldaron la propuesta y se\u00f1alaron que el acoso escolares un tema en el que debe colaborar el estudiantado, docentes, padres y madres de familia, as\u00ed como autoridades para pasar de un modelo correctivo a uno preventivo.<br><\/p>\n\n\n\n<p>En la reuni\u00f3n se inform\u00f3 que el tema se incluye tambi\u00e9n en el proyecto de la nueva Ley de Educaci\u00f3n del Estado de M\u00e9xico. Preparan ley de Justicia C\u00edvica para la entidad las comisiones de Gobernaci\u00f3n y Puntos Constitucionales y Procuraci\u00f3n y Administraci\u00f3n de Justicia acordaron instalar mesas de trabajo para analizar de forma conjunta las iniciativas de ley de Justicia C\u00edvica del Estado de M\u00e9xico y sus Municipios y de Cultura C\u00edvica para el Estado de Estado de M\u00e9xico. Durante la reuni\u00f3n se consider\u00f3 la necesidad de trabajar ambas propuestas y emitir una sola ley.<br><\/p>\n\n\n\n<p>Eval\u00faan Comisi\u00f3n Legislativa de Combate a la Corrupci\u00f3n la Comisi\u00f3n de Gobernaci\u00f3n y Puntos Constitucionales inici\u00f3 el estudio de la iniciativa para crear la Comisi\u00f3n Legislativa de Combate a la Corrupci\u00f3n mediante reformas a la Ley Org\u00e1nica y al Reglamento del Poder Legislativo. Con esta iniciativa se busca contrarrestar los actos de corrupci\u00f3n en la entidad<\/p>\n","protected":false},"excerpt":{"rendered":"<p>Valoran la realizaci\u00f3n de una consulta sobre la interdicci\u00f3n de personas con discapacidad. Comisiones Unidas del Congreso local consideran solicitar la opini\u00f3n de la Sala Constitucional del Poder Judicial sobre la necesidad de realizar una consulta sobre la iniciativa de reforma al C\u00f3digo Civil de la entidad que busca derogar el r\u00e9gimen de interdicci\u00f3n en [&hellip;]<\/p>\n","protected":false},"author":1,"featured_media":24700,"comment_status":"closed","ping_status":"closed","sticky":false,"template":"","format":"standard","meta":{"footnotes":""},"categories":[30,36],"tags":[],"class_list":["post-24699","post","type-post","status-publish","format-standard","has-post-thumbnail","hentry","category-destacado","category-edomex"],"_links":{"self":[{"href":"https:\/\/elinformante.mx\/index.php?rest_route=\/wp\/v2\/posts\/24699","targetHints":{"allow":["GET"]}}],"collection":[{"href":"https:\/\/elinformante.mx\/index.php?rest_route=\/wp\/v2\/posts"}],"about":[{"href":"https:\/\/elinformante.mx\/index.php?rest_route=\/wp\/v2\/types\/post"}],"author":[{"embeddable":true,"href":"https:\/\/elinformante.mx\/index.php?rest_route=\/wp\/v2\/users\/1"}],"replies":[{"embeddable":true,"href":"https:\/\/elinformante.mx\/index.php?rest_route=%2Fwp%2Fv2%2Fcomments&post=24699"}],"version-history":[{"count":0,"href":"https:\/\/elinformante.mx\/index.php?rest_route=\/wp\/v2\/posts\/24699\/revisions"}],"wp:featuredmedia":[{"embeddable":true,"href":"https:\/\/elinformante.mx\/index.php?rest_route=\/wp\/v2\/media\/24700"}],"wp:attachment":[{"href":"https:\/\/elinformante.mx\/index.php?rest_route=%2Fwp%2Fv2%2Fmedia&parent=24699"}],"wp:term":[{"taxonomy":"category","embeddable":true,"href":"https:\/\/elinformante.mx\/index.php?rest_route=%2Fwp%2Fv2%2Fcategories&post=24699"},{"taxonomy":"post_tag","embeddable":true,"href":"https:\/\/elinformante.mx\/index.php?rest_route=%2Fwp%2Fv2%2Ftags&post=24699"}],"curies":[{"name":"wp","href":"https:\/\/api.w.org\/{rel}","templated":true}]}}