{"id":24702,"date":"2023-04-21T14:25:42","date_gmt":"2023-04-21T14:25:42","guid":{"rendered":"https:\/\/elinformante.mx\/?p=24702"},"modified":"2023-04-21T14:25:43","modified_gmt":"2023-04-21T14:25:43","slug":"impulsa-ricardo-sodi-la-etica-de-la-abogacia-y-de-los-servidores-publicos","status":"publish","type":"post","link":"https:\/\/elinformante.mx\/?p=24702","title":{"rendered":"Impulsa Ricardo Sodi la \u00e9tica de la abogac\u00eda y de los servidores p\u00fablicos"},"content":{"rendered":"\n<blockquote class=\"wp-block-quote is-layout-flow wp-block-quote-is-layout-flow\">\n<p>Certificar a abogados postulantes y compartir los principios del C\u00f3digo de \u00c9tica del PJEdomex.<\/p>\n<\/blockquote>\n\n\n\n<p>\u201cUn buen tribunal lo hacen y forman los buenos litigantes\u201d, expres\u00f3 Ricardo Sodi Cuellar, titular del Poder Judicial del Estado de M\u00e9xico, durante la reuni\u00f3n de la Red Mexicana de \u00c9tica y Realismo Jur\u00eddico, donde comparti\u00f3 diversas propuestas para impulsar la \u00e9tica en el ejercicio de la abogac\u00eda, como la certificaci\u00f3n de abogados postulantes.<br><\/p>\n\n\n\n<p>Sodi Cuellar propuso que los litigantes accedan a cursos en la Escuela Judicial, para posteriormente presentar ex\u00e1menes que les otorguen una certificaci\u00f3n por tres a\u00f1os como especialistas en alguna de las materias: penal, laboral, familiar o civil- mercantil.<br><\/p>\n\n\n\n<p>\u201cQueremos que los abogados -con la certificaci\u00f3n- tengan una dimensi\u00f3n \u00e9tica y tambi\u00e9n se sientan protegidos, respaldados ante sus clientes y detonarlo en otros poderes judiciales a trav\u00e9s de la Comisi\u00f3n Nacional de Tribunales Superiores de Justicia de los Estados Unidos Mexicanos\u201d, indic\u00f3.<br><\/p>\n\n\n\n<figure class=\"wp-block-image size-large\"><img fetchpriority=\"high\" decoding=\"async\" width=\"1024\" height=\"503\" src=\"https:\/\/elinformante.mx\/wp-content\/uploads\/2023\/04\/IMPULSA-2-1024x503.jpg\" alt=\"\" class=\"wp-image-24704\" srcset=\"https:\/\/elinformante.mx\/wp-content\/uploads\/2023\/04\/IMPULSA-2-1024x503.jpg 1024w, https:\/\/elinformante.mx\/wp-content\/uploads\/2023\/04\/IMPULSA-2-300x147.jpg 300w, https:\/\/elinformante.mx\/wp-content\/uploads\/2023\/04\/IMPULSA-2-768x377.jpg 768w, https:\/\/elinformante.mx\/wp-content\/uploads\/2023\/04\/IMPULSA-2-580x285.jpg 580w, https:\/\/elinformante.mx\/wp-content\/uploads\/2023\/04\/IMPULSA-2-860x422.jpg 860w, https:\/\/elinformante.mx\/wp-content\/uploads\/2023\/04\/IMPULSA-2.jpg 1140w\" sizes=\"(max-width: 1024px) 100vw, 1024px\" \/><\/figure>\n\n\n\n<p>El Magistrado Presidente del Consejo de la Judicatura propuso realizar una evaluaci\u00f3n sobre el comportamiento \u00e9tico de los tribunales y de litigantes en los \u00e1mbitos federal y estatal; evaluar a aspirantes a juezas, jueces, magistradas y magistrados desde la \u00e9tica judicial; fomentar la cultura de la denuncia y generar acciones para defender a los juzgadores ante el ambiente de denostaci\u00f3n.<br><\/p>\n\n\n\n<p>Para impulsar lo anterior, propuso realizar conferencias, jornadas sobre bio\u00e9tica, muerte digna, eutanasia, derecho penal y vida humana, y cursos breves sobre Cultura de la Legalidad y fundamentos de la obligatoriedad de las normas y conversatorios. Adem\u00e1s de instituci\u00f3n de la Presea &#8220;\u00c9tica Judicial&#8221;. Jos\u00e9 Antonio Abel Aguilar S\u00e1nchez, integrante de la Red de \u00c9tica y Realismo Jur\u00eddico y magistrado de circuito, reiter\u00f3 que se trata de un grupo homog\u00e9neo en cuanto a la profesi\u00f3n y heterog\u00e9neo en el ejercicio profesional, unido por valores comunes como la \u00e9tica y el pensamiento cl\u00e1sico jur\u00eddico.<br><\/p>\n\n\n\n<p>En su intervenci\u00f3n, Carlos Alberto P\u00e9rez Cuevas, Vicepresidente de la Organizaci\u00f3n Mundial de Parlamentarios contra la Corrupci\u00f3n, propuso dar mayor fundamento a la prevenci\u00f3n de la corrupci\u00f3n y no en la detecci\u00f3n y sanci\u00f3n; a ello se sum\u00f3 Luis Alberto Chavarr\u00eda, abogado y especialista en Derechos Humanos.<\/p>\n","protected":false},"excerpt":{"rendered":"<p>Certificar a abogados postulantes y compartir los principios del C\u00f3digo de \u00c9tica del PJEdomex. \u201cUn buen tribunal lo hacen y forman los buenos litigantes\u201d, expres\u00f3 Ricardo Sodi Cuellar, titular del Poder Judicial del Estado de M\u00e9xico, durante la reuni\u00f3n de la Red Mexicana de \u00c9tica y Realismo Jur\u00eddico, donde comparti\u00f3 diversas propuestas para impulsar la [&hellip;]<\/p>\n","protected":false},"author":1,"featured_media":24703,"comment_status":"closed","ping_status":"closed","sticky":false,"template":"","format":"standard","meta":{"footnotes":""},"categories":[30,36],"tags":[],"class_list":["post-24702","post","type-post","status-publish","format-standard","has-post-thumbnail","hentry","category-destacado","category-edomex"],"_links":{"self":[{"href":"https:\/\/elinformante.mx\/index.php?rest_route=\/wp\/v2\/posts\/24702","targetHints":{"allow":["GET"]}}],"collection":[{"href":"https:\/\/elinformante.mx\/index.php?rest_route=\/wp\/v2\/posts"}],"about":[{"href":"https:\/\/elinformante.mx\/index.php?rest_route=\/wp\/v2\/types\/post"}],"author":[{"embeddable":true,"href":"https:\/\/elinformante.mx\/index.php?rest_route=\/wp\/v2\/users\/1"}],"replies":[{"embeddable":true,"href":"https:\/\/elinformante.mx\/index.php?rest_route=%2Fwp%2Fv2%2Fcomments&post=24702"}],"version-history":[{"count":0,"href":"https:\/\/elinformante.mx\/index.php?rest_route=\/wp\/v2\/posts\/24702\/revisions"}],"wp:featuredmedia":[{"embeddable":true,"href":"https:\/\/elinformante.mx\/index.php?rest_route=\/wp\/v2\/media\/24703"}],"wp:attachment":[{"href":"https:\/\/elinformante.mx\/index.php?rest_route=%2Fwp%2Fv2%2Fmedia&parent=24702"}],"wp:term":[{"taxonomy":"category","embeddable":true,"href":"https:\/\/elinformante.mx\/index.php?rest_route=%2Fwp%2Fv2%2Fcategories&post=24702"},{"taxonomy":"post_tag","embeddable":true,"href":"https:\/\/elinformante.mx\/index.php?rest_route=%2Fwp%2Fv2%2Ftags&post=24702"}],"curies":[{"name":"wp","href":"https:\/\/api.w.org\/{rel}","templated":true}]}}