{"id":24710,"date":"2023-04-21T14:30:51","date_gmt":"2023-04-21T14:30:51","guid":{"rendered":"https:\/\/elinformante.mx\/?p=24710"},"modified":"2023-04-21T14:30:52","modified_gmt":"2023-04-21T14:30:52","slug":"suman-tres-dias-de-incendio-forestal-en-mazatepec","status":"publish","type":"post","link":"https:\/\/elinformante.mx\/?p=24710","title":{"rendered":"Suman tres d\u00edas de incendio forestal en Mazatepec"},"content":{"rendered":"\n<blockquote class=\"wp-block-quote is-layout-flow wp-block-quote-is-layout-flow\">\n<p>125 combatientes de las 13 brigadas de la Protectora de Bosques del Estado de M\u00e9xico (Probosque), ejidatarios y voluntarios, adem\u00e1s de elementos de la Secretar\u00eda de la Defensa Nacional (SEDENA), realizan los trabajos para controlar el incendio que ha dejado grandes afectaciones.<br><\/p>\n<\/blockquote>\n\n\n\n<p>Este jueves suman ya tres d\u00edas del incendio forestal registrado en Mazatepec en el municipio de Tejupilco y en los l\u00edmites con San Sim\u00f3n de Guerrero.<br><\/p>\n\n\n\n<p>De acuerdo con las autoridades locales de la zona sur de la entidad, son 125 combatientes de las 13 brigadas de la Protectora de Bosques del Estado de M\u00e9xico (Probosque), ejidatarios y voluntarios, adem\u00e1s de elementos de la Secretar\u00eda de la Defensa Nacional (SEDENA), quienes realizan los trabajos para controlar el incendio que ha dejado grandes afectaciones.<br><\/p>\n\n\n\n<figure class=\"wp-block-image size-large\"><img fetchpriority=\"high\" decoding=\"async\" width=\"1024\" height=\"503\" src=\"https:\/\/elinformante.mx\/wp-content\/uploads\/2023\/04\/SUMAN-2-1024x503.jpg\" alt=\"\" class=\"wp-image-24712\" srcset=\"https:\/\/elinformante.mx\/wp-content\/uploads\/2023\/04\/SUMAN-2-1024x503.jpg 1024w, https:\/\/elinformante.mx\/wp-content\/uploads\/2023\/04\/SUMAN-2-300x147.jpg 300w, https:\/\/elinformante.mx\/wp-content\/uploads\/2023\/04\/SUMAN-2-768x377.jpg 768w, https:\/\/elinformante.mx\/wp-content\/uploads\/2023\/04\/SUMAN-2-580x285.jpg 580w, https:\/\/elinformante.mx\/wp-content\/uploads\/2023\/04\/SUMAN-2-860x422.jpg 860w, https:\/\/elinformante.mx\/wp-content\/uploads\/2023\/04\/SUMAN-2.jpg 1140w\" sizes=\"(max-width: 1024px) 100vw, 1024px\" \/><\/figure>\n\n\n\n<p>Seg\u00fan reportes preliminares se estiman afectaciones en 300 hect\u00e1reas de bosque y con ello en la flora y la fauna a causa del incendio que ha dejado una densa nube de humo, por lo que se invit\u00f3 a la poblaci\u00f3n a no realizar quemas agr\u00edcolas, pues esto ocasiona incendios forestales que pueden salirse de control.<br><\/p>\n\n\n\n<p>La mala calidad del aire en la zona sur de la entidad mexiquense ha incrementado con el incendio forestal, lo que podr\u00eda afectar a los mantos fre\u00e1ticos y aumentar la sequ\u00eda o la disminuci\u00f3n de los niveles de r\u00edos, lagos y lagunas.<\/p>\n","protected":false},"excerpt":{"rendered":"<p>125 combatientes de las 13 brigadas de la Protectora de Bosques del Estado de M\u00e9xico (Probosque), ejidatarios y voluntarios, adem\u00e1s de elementos de la Secretar\u00eda de la Defensa Nacional (SEDENA), realizan los trabajos para controlar el incendio que ha dejado grandes afectaciones. Este jueves suman ya tres d\u00edas del incendio forestal registrado en Mazatepec en [&hellip;]<\/p>\n","protected":false},"author":1,"featured_media":24711,"comment_status":"closed","ping_status":"closed","sticky":false,"template":"","format":"standard","meta":{"footnotes":""},"categories":[36],"tags":[],"class_list":["post-24710","post","type-post","status-publish","format-standard","has-post-thumbnail","hentry","category-edomex"],"_links":{"self":[{"href":"https:\/\/elinformante.mx\/index.php?rest_route=\/wp\/v2\/posts\/24710","targetHints":{"allow":["GET"]}}],"collection":[{"href":"https:\/\/elinformante.mx\/index.php?rest_route=\/wp\/v2\/posts"}],"about":[{"href":"https:\/\/elinformante.mx\/index.php?rest_route=\/wp\/v2\/types\/post"}],"author":[{"embeddable":true,"href":"https:\/\/elinformante.mx\/index.php?rest_route=\/wp\/v2\/users\/1"}],"replies":[{"embeddable":true,"href":"https:\/\/elinformante.mx\/index.php?rest_route=%2Fwp%2Fv2%2Fcomments&post=24710"}],"version-history":[{"count":0,"href":"https:\/\/elinformante.mx\/index.php?rest_route=\/wp\/v2\/posts\/24710\/revisions"}],"wp:featuredmedia":[{"embeddable":true,"href":"https:\/\/elinformante.mx\/index.php?rest_route=\/wp\/v2\/media\/24711"}],"wp:attachment":[{"href":"https:\/\/elinformante.mx\/index.php?rest_route=%2Fwp%2Fv2%2Fmedia&parent=24710"}],"wp:term":[{"taxonomy":"category","embeddable":true,"href":"https:\/\/elinformante.mx\/index.php?rest_route=%2Fwp%2Fv2%2Fcategories&post=24710"},{"taxonomy":"post_tag","embeddable":true,"href":"https:\/\/elinformante.mx\/index.php?rest_route=%2Fwp%2Fv2%2Ftags&post=24710"}],"curies":[{"name":"wp","href":"https:\/\/api.w.org\/{rel}","templated":true}]}}