{"id":24714,"date":"2023-04-21T14:32:14","date_gmt":"2023-04-21T14:32:14","guid":{"rendered":"https:\/\/elinformante.mx\/?p=24714"},"modified":"2023-04-21T14:32:15","modified_gmt":"2023-04-21T14:32:15","slug":"pobladores-liberan-la-mexico-toluca-tras-varias-horas-de-bloqueo","status":"publish","type":"post","link":"https:\/\/elinformante.mx\/?p=24714","title":{"rendered":"Pobladores liberan la M\u00e9xico-Toluca tras varias horas de bloqueo"},"content":{"rendered":"\n<blockquote class=\"wp-block-quote is-layout-flow wp-block-quote-is-layout-flow\">\n<p>La movilizaci\u00f3n se origin\u00f3 por supuestos incumplimientos en los acuerdos relacionados con el tren interurbano M\u00e9xico-Toluca.<\/p>\n<\/blockquote>\n\n\n\n<p>Miles de automovilistas quedaron varados durante tres horas en la carretera M\u00e9xico-Toluca a la altura del parque ecotur\u00edstico \u201cLa Marquesa\u201d, luego de que pobladores de las comunidades de San Jeronimo Acazulco y Acopilco cerraran la vialidad por supuestos incumplimientos de acuerdos en desarrollo urbano y reforestaci\u00f3n tras permitir la construcci\u00f3n del Tren Interurbano M\u00e9xico-Toluca.<br><\/p>\n\n\n\n<p>La movilizaci\u00f3n comenz\u00f3 alrededor de las 08:30 horas, cuando decenas de habitantes de ambas comunidades se concentraron en el tramo federal a la altura del kil\u00f3metro 34.<br><\/p>\n\n\n\n<p>A las 09:00 horas fue que bloquearon la carretera en ambos sentidos, esto en se\u00f1al de exigencia de mejoras en el desarrollo urbano, el abastecimiento de agua y la preservaci\u00f3n del ecosistema trav\u00e9s de la siembra de \u00e1rboles, compromisos que aseguran fueron pactados con la Secretar\u00eda de Infraestructura, Comunicaciones y Transporte (SICT) antes de la construcci\u00f3n del Tren Interurbano, sin embargo, los mismos no fueron cumplidos.<br><\/p>\n\n\n\n<figure class=\"wp-block-image size-large\"><img fetchpriority=\"high\" decoding=\"async\" width=\"1024\" height=\"503\" src=\"https:\/\/elinformante.mx\/wp-content\/uploads\/2023\/04\/POBLADORES-2-1024x503.jpg\" alt=\"\" class=\"wp-image-24716\" srcset=\"https:\/\/elinformante.mx\/wp-content\/uploads\/2023\/04\/POBLADORES-2-1024x503.jpg 1024w, https:\/\/elinformante.mx\/wp-content\/uploads\/2023\/04\/POBLADORES-2-300x147.jpg 300w, https:\/\/elinformante.mx\/wp-content\/uploads\/2023\/04\/POBLADORES-2-768x377.jpg 768w, https:\/\/elinformante.mx\/wp-content\/uploads\/2023\/04\/POBLADORES-2-580x285.jpg 580w, https:\/\/elinformante.mx\/wp-content\/uploads\/2023\/04\/POBLADORES-2-860x422.jpg 860w, https:\/\/elinformante.mx\/wp-content\/uploads\/2023\/04\/POBLADORES-2.jpg 1140w\" sizes=\"(max-width: 1024px) 100vw, 1024px\" \/><\/figure>\n\n\n\n<p>La obra federal atraviesa por parte del bosque y comunas de esta regi\u00f3n del Valle de Toluca. Previo a la construcci\u00f3n del tren, autoridades establecieron acuerdos y mesas de di\u00e1logos con l\u00edderes ejidales a fin de permitir el paso de las m\u00e1quinas y el uso del territorio.<br><\/p>\n\n\n\n<p>Gabino Sandoval Baltasar, representante de bienes comunales de Acopilco, indic\u00f3 en entrevista que hay personas afectadas por el supuesto incumplimiento de las obras.<br><\/p>\n\n\n\n<p>\u201cPor el lado de Acopilco estamos hablando legalmente de alrededor de 2 mil 346 comuneros quienes representamos a la comunidad, pero de manera imperfecta estamos hablando de una poblaci\u00f3n de 32 mil habitantes que todos est\u00e1n en espera de la soluci\u00f3n al cumplimiento de las obras de la SICT\u201d, dijo.<br><\/p>\n\n\n\n<figure class=\"wp-block-image size-large\"><img decoding=\"async\" width=\"1024\" height=\"503\" src=\"https:\/\/elinformante.mx\/wp-content\/uploads\/2023\/04\/POBLADORES-3-1024x503.jpg\" alt=\"\" class=\"wp-image-24717\" srcset=\"https:\/\/elinformante.mx\/wp-content\/uploads\/2023\/04\/POBLADORES-3-1024x503.jpg 1024w, https:\/\/elinformante.mx\/wp-content\/uploads\/2023\/04\/POBLADORES-3-300x147.jpg 300w, https:\/\/elinformante.mx\/wp-content\/uploads\/2023\/04\/POBLADORES-3-768x377.jpg 768w, https:\/\/elinformante.mx\/wp-content\/uploads\/2023\/04\/POBLADORES-3-580x285.jpg 580w, https:\/\/elinformante.mx\/wp-content\/uploads\/2023\/04\/POBLADORES-3-860x422.jpg 860w, https:\/\/elinformante.mx\/wp-content\/uploads\/2023\/04\/POBLADORES-3.jpg 1140w\" sizes=\"(max-width: 1024px) 100vw, 1024px\" \/><\/figure>\n\n\n\n<p>Durante la movilizaci\u00f3n, poco m\u00e1s de 200 granaderos de la Secretar\u00eda de Seguridad del Estado de M\u00e9xico (SSEM) estuvieron en las inmediaciones, sin embargo, en dos ocasiones replegaron a los habitantes a fin de liberar la vialidad.<br><\/p>\n\n\n\n<p>En consecuencia, algunos vecinos tomaron palos y piedras y agredieron a los elementos. Derivado del encontronazo, tres vecinos afirmaron haber sido golpeados por elementos municipales y un efectivo result\u00f3 con lesiones en cabeza y rostro.<br><\/p>\n\n\n\n<p>Al lugar arribaron dos ambulancias del Servicio de Urgencias del Estado de M\u00e9xico (SUEM) que brindaron atenci\u00f3n a los lesionados.<br><\/p>\n\n\n\n<p>Aproximadamente, a las 12:00 horas fue que los inconformes liberaron la vialidad en ambos sentidos y se retiraron, esto luego de establecer una mesa de di\u00e1logo a fin de continuar con algunos acuerdos entre los habitantes y las autoridades.<\/p>\n\n\n\n<figure class=\"wp-block-image size-large\"><img decoding=\"async\" width=\"1024\" height=\"503\" src=\"https:\/\/elinformante.mx\/wp-content\/uploads\/2023\/04\/POBLADORES-1024x503.jpg\" alt=\"\" class=\"wp-image-24718\" srcset=\"https:\/\/elinformante.mx\/wp-content\/uploads\/2023\/04\/POBLADORES-1024x503.jpg 1024w, https:\/\/elinformante.mx\/wp-content\/uploads\/2023\/04\/POBLADORES-300x147.jpg 300w, https:\/\/elinformante.mx\/wp-content\/uploads\/2023\/04\/POBLADORES-768x377.jpg 768w, https:\/\/elinformante.mx\/wp-content\/uploads\/2023\/04\/POBLADORES-580x285.jpg 580w, https:\/\/elinformante.mx\/wp-content\/uploads\/2023\/04\/POBLADORES-860x422.jpg 860w, https:\/\/elinformante.mx\/wp-content\/uploads\/2023\/04\/POBLADORES.jpg 1140w\" sizes=\"(max-width: 1024px) 100vw, 1024px\" \/><\/figure>\n","protected":false},"excerpt":{"rendered":"<p>La movilizaci\u00f3n se origin\u00f3 por supuestos incumplimientos en los acuerdos relacionados con el tren interurbano M\u00e9xico-Toluca. Miles de automovilistas quedaron varados durante tres horas en la carretera M\u00e9xico-Toluca a la altura del parque ecotur\u00edstico \u201cLa Marquesa\u201d, luego de que pobladores de las comunidades de San Jeronimo Acazulco y Acopilco cerraran la vialidad por supuestos incumplimientos [&hellip;]<\/p>\n","protected":false},"author":1,"featured_media":24715,"comment_status":"closed","ping_status":"closed","sticky":false,"template":"","format":"standard","meta":{"footnotes":""},"categories":[30,36],"tags":[],"class_list":["post-24714","post","type-post","status-publish","format-standard","has-post-thumbnail","hentry","category-destacado","category-edomex"],"_links":{"self":[{"href":"https:\/\/elinformante.mx\/index.php?rest_route=\/wp\/v2\/posts\/24714","targetHints":{"allow":["GET"]}}],"collection":[{"href":"https:\/\/elinformante.mx\/index.php?rest_route=\/wp\/v2\/posts"}],"about":[{"href":"https:\/\/elinformante.mx\/index.php?rest_route=\/wp\/v2\/types\/post"}],"author":[{"embeddable":true,"href":"https:\/\/elinformante.mx\/index.php?rest_route=\/wp\/v2\/users\/1"}],"replies":[{"embeddable":true,"href":"https:\/\/elinformante.mx\/index.php?rest_route=%2Fwp%2Fv2%2Fcomments&post=24714"}],"version-history":[{"count":0,"href":"https:\/\/elinformante.mx\/index.php?rest_route=\/wp\/v2\/posts\/24714\/revisions"}],"wp:featuredmedia":[{"embeddable":true,"href":"https:\/\/elinformante.mx\/index.php?rest_route=\/wp\/v2\/media\/24715"}],"wp:attachment":[{"href":"https:\/\/elinformante.mx\/index.php?rest_route=%2Fwp%2Fv2%2Fmedia&parent=24714"}],"wp:term":[{"taxonomy":"category","embeddable":true,"href":"https:\/\/elinformante.mx\/index.php?rest_route=%2Fwp%2Fv2%2Fcategories&post=24714"},{"taxonomy":"post_tag","embeddable":true,"href":"https:\/\/elinformante.mx\/index.php?rest_route=%2Fwp%2Fv2%2Ftags&post=24714"}],"curies":[{"name":"wp","href":"https:\/\/api.w.org\/{rel}","templated":true}]}}