{"id":24724,"date":"2023-04-21T14:39:37","date_gmt":"2023-04-21T14:39:37","guid":{"rendered":"https:\/\/elinformante.mx\/?p=24724"},"modified":"2023-04-21T14:39:37","modified_gmt":"2023-04-21T14:39:37","slug":"guerrero-prepara-operacion-de-la-policia-ecologica","status":"publish","type":"post","link":"https:\/\/elinformante.mx\/?p=24724","title":{"rendered":"Guerrero prepara operaci\u00f3n de la Polic\u00eda Ecol\u00f3gica"},"content":{"rendered":"\n<blockquote class=\"wp-block-quote is-layout-flow wp-block-quote-is-layout-flow\">\n<p>Se capacitar\u00e1 a 30 elementos de la Polic\u00eda Estatal y 10 de la Municipal de Ometepec para integrar la nueva corporaci\u00f3n.<\/p>\n<\/blockquote>\n\n\n\n<p>El gobierno de Guerrero prepara la reactivaci\u00f3n de la Polic\u00eda Ecol\u00f3gica, con el que se busca atender los delitos relacionados con temas ambientales.<br><\/p>\n\n\n\n<p>En d\u00edas pasados, se dio a conocer la implementaci\u00f3n de cursos de capacitaci\u00f3n destinado a 30 elementos de la Polic\u00eda Estatal y a 10 de la Polic\u00eda Municipal de Ometepec que integrar\u00e1n la corporaci\u00f3n.<br><\/p>\n\n\n\n<p>Se trata de un curso que constar\u00e1 de 120 horas, el cual se impartir\u00e1 del 2 al 24 de mayo en las instalaciones de la Universidad Policial del Estado de Guerrero.<br><\/p>\n\n\n\n<p>Con este tipo de talleres, se busca que los 40 efectivos obtengan conocimientos y actitudes para salvaguardar el medio ambiente y los recursos naturales de la entidad.<br><\/p>\n\n\n\n<p>En Guerrero, uno de los principales problemas relacionados con el medio ambiente es la cuesti\u00f3n de la tala ilegal que se realiza en la Sierra de los municipios de la regi\u00f3n de Costa Grande y Tierra Caliente.<\/p>\n","protected":false},"excerpt":{"rendered":"<p>Se capacitar\u00e1 a 30 elementos de la Polic\u00eda Estatal y 10 de la Municipal de Ometepec para integrar la nueva corporaci\u00f3n. El gobierno de Guerrero prepara la reactivaci\u00f3n de la Polic\u00eda Ecol\u00f3gica, con el que se busca atender los delitos relacionados con temas ambientales. En d\u00edas pasados, se dio a conocer la implementaci\u00f3n de cursos [&hellip;]<\/p>\n","protected":false},"author":1,"featured_media":24725,"comment_status":"closed","ping_status":"closed","sticky":false,"template":"","format":"standard","meta":{"footnotes":""},"categories":[30,34],"tags":[],"class_list":["post-24724","post","type-post","status-publish","format-standard","has-post-thumbnail","hentry","category-destacado","category-nacional"],"_links":{"self":[{"href":"https:\/\/elinformante.mx\/index.php?rest_route=\/wp\/v2\/posts\/24724","targetHints":{"allow":["GET"]}}],"collection":[{"href":"https:\/\/elinformante.mx\/index.php?rest_route=\/wp\/v2\/posts"}],"about":[{"href":"https:\/\/elinformante.mx\/index.php?rest_route=\/wp\/v2\/types\/post"}],"author":[{"embeddable":true,"href":"https:\/\/elinformante.mx\/index.php?rest_route=\/wp\/v2\/users\/1"}],"replies":[{"embeddable":true,"href":"https:\/\/elinformante.mx\/index.php?rest_route=%2Fwp%2Fv2%2Fcomments&post=24724"}],"version-history":[{"count":0,"href":"https:\/\/elinformante.mx\/index.php?rest_route=\/wp\/v2\/posts\/24724\/revisions"}],"wp:featuredmedia":[{"embeddable":true,"href":"https:\/\/elinformante.mx\/index.php?rest_route=\/wp\/v2\/media\/24725"}],"wp:attachment":[{"href":"https:\/\/elinformante.mx\/index.php?rest_route=%2Fwp%2Fv2%2Fmedia&parent=24724"}],"wp:term":[{"taxonomy":"category","embeddable":true,"href":"https:\/\/elinformante.mx\/index.php?rest_route=%2Fwp%2Fv2%2Fcategories&post=24724"},{"taxonomy":"post_tag","embeddable":true,"href":"https:\/\/elinformante.mx\/index.php?rest_route=%2Fwp%2Fv2%2Ftags&post=24724"}],"curies":[{"name":"wp","href":"https:\/\/api.w.org\/{rel}","templated":true}]}}