{"id":24727,"date":"2023-04-21T14:41:01","date_gmt":"2023-04-21T14:41:01","guid":{"rendered":"https:\/\/elinformante.mx\/?p=24727"},"modified":"2023-04-21T14:41:02","modified_gmt":"2023-04-21T14:41:02","slug":"mara-lezama-presenta-iniciativa-para-regular-uso-de-plataformas-digitales-de-transporte-en-q-roo","status":"publish","type":"post","link":"https:\/\/elinformante.mx\/?p=24727","title":{"rendered":"Mara Lezama presenta iniciativa para regular uso de plataformas digitales de transporte en Q. Roo"},"content":{"rendered":"\n<blockquote class=\"wp-block-quote is-layout-flow wp-block-quote-is-layout-flow\">\n<p>La propuesta presentada por la mandataria promueve la libre y sana competencia econ\u00f3mica, as\u00ed como la igualdad de condiciones entre los prestadores del servicio de transporte p\u00fablico y privado.<\/p>\n<\/blockquote>\n\n\n\n<p>La gobernadora Mara Lezama env\u00edo al Congreso de Quintana Roo una iniciativa de reforma a la Ley de Movilidad que permitir\u00e1 la operaci\u00f3n y regulaci\u00f3n de plataformas digitales y taxis, adem\u00e1s de garantizar la seguridad vial, accesibilidad, eficiencia, calidad, inclusi\u00f3n e igualdad en el transporte p\u00fablico.<br><\/p>\n\n\n\n<p>La iniciativa fue previamente consensuada mediante mesas de trabajo que se realizaron en el mes de enero con integrantes del Poder Legislativo, del Ejecutivo, del Instituto de Movilidad de Quintana Roo (IMOVEQROO), concesionarios y representantes de las plataformas, quienes contribuyeron en conjunto con sus ideas y propuestas.<br><\/p>\n\n\n\n<p>La propuesta presentada por la mandataria promueve la libre y sana competencia econ\u00f3mica, as\u00ed como la igualdad de condiciones entre los prestadores del servicio de transporte p\u00fablico y privado.<br><\/p>\n\n\n\n<p>Incluye acciones con medidas de seguridad en coordinaci\u00f3n con Seguridad P\u00fablica como la geolocalizaci\u00f3n en tiempo real, botones de p\u00e1nico, c\u00e1maras de video y grabaci\u00f3n de voz, que estar\u00e1n conectados con el sistema de seguridad, y la coordinaci\u00f3n con las autoridades y los prestadores de servicio ante la comisi\u00f3n de il\u00edcitos.<br><\/p>\n\n\n\n<p>Tambi\u00e9n contempla sanciones para los conductores de plataforma cuando incumplan y violen las disposiciones de la ley, las cuales pueden ser suspensi\u00f3n, cancelaci\u00f3n o revocaci\u00f3n de registro.<br><\/p>\n\n\n\n<p>Por \u00faltimo, el documento considera la creaci\u00f3n de un fondo de movilidad con el objetivo principal de modernizar y mejorar la infraestructura vial en el estado, todo en beneficio de las y los quintanarroenses.<\/p>\n","protected":false},"excerpt":{"rendered":"<p>La propuesta presentada por la mandataria promueve la libre y sana competencia econ\u00f3mica, as\u00ed como la igualdad de condiciones entre los prestadores del servicio de transporte p\u00fablico y privado. La gobernadora Mara Lezama env\u00edo al Congreso de Quintana Roo una iniciativa de reforma a la Ley de Movilidad que permitir\u00e1 la operaci\u00f3n y regulaci\u00f3n de [&hellip;]<\/p>\n","protected":false},"author":1,"featured_media":24728,"comment_status":"closed","ping_status":"closed","sticky":false,"template":"","format":"standard","meta":{"footnotes":""},"categories":[30,34],"tags":[],"class_list":["post-24727","post","type-post","status-publish","format-standard","has-post-thumbnail","hentry","category-destacado","category-nacional"],"_links":{"self":[{"href":"https:\/\/elinformante.mx\/index.php?rest_route=\/wp\/v2\/posts\/24727","targetHints":{"allow":["GET"]}}],"collection":[{"href":"https:\/\/elinformante.mx\/index.php?rest_route=\/wp\/v2\/posts"}],"about":[{"href":"https:\/\/elinformante.mx\/index.php?rest_route=\/wp\/v2\/types\/post"}],"author":[{"embeddable":true,"href":"https:\/\/elinformante.mx\/index.php?rest_route=\/wp\/v2\/users\/1"}],"replies":[{"embeddable":true,"href":"https:\/\/elinformante.mx\/index.php?rest_route=%2Fwp%2Fv2%2Fcomments&post=24727"}],"version-history":[{"count":0,"href":"https:\/\/elinformante.mx\/index.php?rest_route=\/wp\/v2\/posts\/24727\/revisions"}],"wp:featuredmedia":[{"embeddable":true,"href":"https:\/\/elinformante.mx\/index.php?rest_route=\/wp\/v2\/media\/24728"}],"wp:attachment":[{"href":"https:\/\/elinformante.mx\/index.php?rest_route=%2Fwp%2Fv2%2Fmedia&parent=24727"}],"wp:term":[{"taxonomy":"category","embeddable":true,"href":"https:\/\/elinformante.mx\/index.php?rest_route=%2Fwp%2Fv2%2Fcategories&post=24727"},{"taxonomy":"post_tag","embeddable":true,"href":"https:\/\/elinformante.mx\/index.php?rest_route=%2Fwp%2Fv2%2Ftags&post=24727"}],"curies":[{"name":"wp","href":"https:\/\/api.w.org\/{rel}","templated":true}]}}