{"id":24737,"date":"2023-04-21T14:50:22","date_gmt":"2023-04-21T14:50:22","guid":{"rendered":"https:\/\/elinformante.mx\/?p=24737"},"modified":"2023-04-21T14:50:23","modified_gmt":"2023-04-21T14:50:23","slug":"disminuye-cerca-de-22-puntos-percepcion-de-inseguridad-en-la-alvaro-obregon-lia-limon","status":"publish","type":"post","link":"https:\/\/elinformante.mx\/?p=24737","title":{"rendered":"Disminuye cerca de 22 puntos percepci\u00f3n de inseguridad en la \u00c1lvaro Obreg\u00f3n: L\u00eda Lim\u00f3n"},"content":{"rendered":"\n<blockquote class=\"wp-block-quote is-layout-flow wp-block-quote-is-layout-flow\">\n<p>Gracias a los resultados de la estrategia Blindar AO, en lo que va de la administraci\u00f3n se ha logrado reducir la percepci\u00f3n de inseguridad en casi 22 puntos si se compara con el \u00faltimo trimestre de 2021 y el primero de 2023.<\/p>\n<\/blockquote>\n\n\n\n<p>Gracias a los resultados de la estrategia Blindar AO, en lo que va de la administraci\u00f3n se ha logrado reducir la percepci\u00f3n de inseguridad en casi 22 puntos si se compara con el \u00faltimo trimestre de 2021 y el primero de 2023, inform\u00f3 la alcaldesa L\u00eda Lim\u00f3n.<br><\/p>\n\n\n\n<p>Recalc\u00f3 que, tan solo en el primer trimestre de 2023, la percepci\u00f3n de inseguridad se redujo casi 4 puntos porcentuales, lo que coloca a \u00c1lvaro Obreg\u00f3n como la segunda alcald\u00eda que m\u00e1s ha logrado reducir dicha percepci\u00f3n en los \u00faltimos 8 meses en la ciudad, por lo cual se aprecia m\u00e1s segura que el promedio de la capital.<br><\/p>\n\n\n\n<p>Explic\u00f3 que, de acuerdo con la Encuesta Nacional de Seguridad P\u00fablica Urbana (ENSU) del Inegi, dicha percepci\u00f3n baj\u00f3 de 74.6 por ciento a 52.3 por ciento, por lo cual se mantiene casi 10 puntos porcentuales por debajo de la media nacional, que se ubica en 62.1 por ciento.<br><\/p>\n\n\n\n<p>Reiter\u00f3 que estos resultados la motivan a seguir fortaleciendo las acciones y estrategias del programa Blindar \u00c1O, para continuar en la ruta correcta y hacer de \u00c1lvaro Obreg\u00f3n la alcald\u00eda m\u00e1s segura de la Ciudad de M\u00e9xico.<br><\/p>\n\n\n\n<p>Se\u00f1al\u00f3 que entre las acciones a favor de la seguridad de los vecinos destacan: incrementar la presencia policial con m\u00e1s elementos y con patrullajes; los operativos Ruleta; recorridos pie \u2013 tierra; C\u00f3digos \u00c1guila, C\u00f3digos Lum\u00ednicos y Sonoros; Jornadas de Seguridad en parques y centros de convivencia; mayor acompa\u00f1amiento a las 13 rutas de transporte p\u00fablico; mayor presencia en mercados p\u00fablicos; y difusi\u00f3n de los tel\u00e9fonos de Base Plata, as\u00ed como los n\u00fameros de celular de las patrullas asignadas a los cuadrantes correspondientes a cada zona.<br><\/p>\n\n\n\n<p>\u201cSeguiremos trabajando 24\/7 para que en \u00c1lvar\u00f3 Obreg\u00f3n cada d\u00eda las familias vivan m\u00e1s tranquilas\u201d, subray\u00f3.<\/p>\n","protected":false},"excerpt":{"rendered":"<p>Gracias a los resultados de la estrategia Blindar AO, en lo que va de la administraci\u00f3n se ha logrado reducir la percepci\u00f3n de inseguridad en casi 22 puntos si se compara con el \u00faltimo trimestre de 2021 y el primero de 2023. Gracias a los resultados de la estrategia Blindar AO, en lo que va [&hellip;]<\/p>\n","protected":false},"author":1,"featured_media":24738,"comment_status":"closed","ping_status":"closed","sticky":false,"template":"","format":"standard","meta":{"footnotes":""},"categories":[35],"tags":[],"class_list":["post-24737","post","type-post","status-publish","format-standard","has-post-thumbnail","hentry","category-cdmx"],"_links":{"self":[{"href":"https:\/\/elinformante.mx\/index.php?rest_route=\/wp\/v2\/posts\/24737","targetHints":{"allow":["GET"]}}],"collection":[{"href":"https:\/\/elinformante.mx\/index.php?rest_route=\/wp\/v2\/posts"}],"about":[{"href":"https:\/\/elinformante.mx\/index.php?rest_route=\/wp\/v2\/types\/post"}],"author":[{"embeddable":true,"href":"https:\/\/elinformante.mx\/index.php?rest_route=\/wp\/v2\/users\/1"}],"replies":[{"embeddable":true,"href":"https:\/\/elinformante.mx\/index.php?rest_route=%2Fwp%2Fv2%2Fcomments&post=24737"}],"version-history":[{"count":0,"href":"https:\/\/elinformante.mx\/index.php?rest_route=\/wp\/v2\/posts\/24737\/revisions"}],"wp:featuredmedia":[{"embeddable":true,"href":"https:\/\/elinformante.mx\/index.php?rest_route=\/wp\/v2\/media\/24738"}],"wp:attachment":[{"href":"https:\/\/elinformante.mx\/index.php?rest_route=%2Fwp%2Fv2%2Fmedia&parent=24737"}],"wp:term":[{"taxonomy":"category","embeddable":true,"href":"https:\/\/elinformante.mx\/index.php?rest_route=%2Fwp%2Fv2%2Fcategories&post=24737"},{"taxonomy":"post_tag","embeddable":true,"href":"https:\/\/elinformante.mx\/index.php?rest_route=%2Fwp%2Fv2%2Ftags&post=24737"}],"curies":[{"name":"wp","href":"https:\/\/api.w.org\/{rel}","templated":true}]}}