{"id":24740,"date":"2023-04-21T14:51:10","date_gmt":"2023-04-21T14:51:10","guid":{"rendered":"https:\/\/elinformante.mx\/?p=24740"},"modified":"2023-04-21T14:51:11","modified_gmt":"2023-04-21T14:51:11","slug":"aplican-21-anos-de-carcel-a-ladron-de-transporte-publico","status":"publish","type":"post","link":"https:\/\/elinformante.mx\/?p=24740","title":{"rendered":"Aplican 21 a\u00f1os de c\u00e1rcel a ladr\u00f3n de transporte p\u00fablico"},"content":{"rendered":"\n<blockquote class=\"wp-block-quote is-layout-flow wp-block-quote-is-layout-flow\">\n<p>Investigaciones de la FGJEM precisaron que particip\u00f3 en hechos delictivos perpetrados en octubre de 2022.<\/p>\n<\/blockquote>\n\n\n\n<p>Evaristo Salvador Zamora Ju\u00e1rez fue sentenciado a 21 a\u00f1os y 11 meses de prisi\u00f3n, despu\u00e9s de que la Fiscal\u00eda General de Justicia estatal (FGJEM) acredit\u00f3 su participaci\u00f3n en el hecho delictivo de robo con violencia a transporte p\u00fablico de pasajeros.<br><\/p>\n\n\n\n<p>La Autoridad Judicial revis\u00f3 las pruebas aportadas por esta Representaci\u00f3n Social, por lo que dict\u00f3 esta condena para el acusado, adem\u00e1s le fij\u00f3 multas, aunado a que sus derechos civiles y pol\u00edticos quedaron suspendidos.<br><\/p>\n\n\n\n<p>Fue encontrado culpable por hechos perpetrados el 17 de octubre del a\u00f1o 2022, cuando en complicidad con otro sujeto, abordaron una unidad de transporte p\u00fablico tipo cami\u00f3n, en avenida Nacional de la colonia Santo Tom\u00e1s Chiconautla en el municipio de Ecatepec, momentos despu\u00e9s amagaron con un arma de fuego a los usuarios y les despojaron de sus pertenencias.<br><\/p>\n\n\n\n<p>Al momento en que pretend\u00eda huir, Salvador Zamora fue detenido por elementos policiacos, quienes realizaban una movilizaci\u00f3n en la zona y se percataron del robo. Este sujeto fue presentado ante el Agente del Ministerio P\u00fablico, quien inici\u00f3 la indagatoria respectiva y posteriormente fue ingresado al Centro Penitenciario y de Reinserci\u00f3n Social de Ecatepec, a disposici\u00f3n de la Autoridad Judicial, quien le dict\u00f3 esta sentencia.<\/p>\n","protected":false},"excerpt":{"rendered":"<p>Investigaciones de la FGJEM precisaron que particip\u00f3 en hechos delictivos perpetrados en octubre de 2022. Evaristo Salvador Zamora Ju\u00e1rez fue sentenciado a 21 a\u00f1os y 11 meses de prisi\u00f3n, despu\u00e9s de que la Fiscal\u00eda General de Justicia estatal (FGJEM) acredit\u00f3 su participaci\u00f3n en el hecho delictivo de robo con violencia a transporte p\u00fablico de pasajeros. [&hellip;]<\/p>\n","protected":false},"author":1,"featured_media":24741,"comment_status":"closed","ping_status":"closed","sticky":false,"template":"","format":"standard","meta":{"footnotes":""},"categories":[36,37],"tags":[],"class_list":["post-24740","post","type-post","status-publish","format-standard","has-post-thumbnail","hentry","category-edomex","category-justicia"],"_links":{"self":[{"href":"https:\/\/elinformante.mx\/index.php?rest_route=\/wp\/v2\/posts\/24740","targetHints":{"allow":["GET"]}}],"collection":[{"href":"https:\/\/elinformante.mx\/index.php?rest_route=\/wp\/v2\/posts"}],"about":[{"href":"https:\/\/elinformante.mx\/index.php?rest_route=\/wp\/v2\/types\/post"}],"author":[{"embeddable":true,"href":"https:\/\/elinformante.mx\/index.php?rest_route=\/wp\/v2\/users\/1"}],"replies":[{"embeddable":true,"href":"https:\/\/elinformante.mx\/index.php?rest_route=%2Fwp%2Fv2%2Fcomments&post=24740"}],"version-history":[{"count":0,"href":"https:\/\/elinformante.mx\/index.php?rest_route=\/wp\/v2\/posts\/24740\/revisions"}],"wp:featuredmedia":[{"embeddable":true,"href":"https:\/\/elinformante.mx\/index.php?rest_route=\/wp\/v2\/media\/24741"}],"wp:attachment":[{"href":"https:\/\/elinformante.mx\/index.php?rest_route=%2Fwp%2Fv2%2Fmedia&parent=24740"}],"wp:term":[{"taxonomy":"category","embeddable":true,"href":"https:\/\/elinformante.mx\/index.php?rest_route=%2Fwp%2Fv2%2Fcategories&post=24740"},{"taxonomy":"post_tag","embeddable":true,"href":"https:\/\/elinformante.mx\/index.php?rest_route=%2Fwp%2Fv2%2Ftags&post=24740"}],"curies":[{"name":"wp","href":"https:\/\/api.w.org\/{rel}","templated":true}]}}