{"id":24743,"date":"2023-04-21T14:53:04","date_gmt":"2023-04-21T14:53:04","guid":{"rendered":"https:\/\/elinformante.mx\/?p=24743"},"modified":"2023-04-21T14:53:05","modified_gmt":"2023-04-21T14:53:05","slug":"vinculan-a-proceso-a-tres-por-portar-armas-de-fuego","status":"publish","type":"post","link":"https:\/\/elinformante.mx\/?p=24743","title":{"rendered":"Vinculan a proceso a tres por portar armas de fuego"},"content":{"rendered":"\n<blockquote class=\"wp-block-quote is-layout-flow wp-block-quote-is-layout-flow\">\n<p>Dos de los detenidos de igual forma fueron vinculados a proceso por extorsi\u00f3n, por lo que enfrentan dos procesos legales en su contra.<\/p>\n<\/blockquote>\n\n\n\n<p>La Fiscal\u00eda General de Justicia del Estado de M\u00e9xico (FGJEM) acredit\u00f3 la probable relaci\u00f3n de tres personas en los delitos de portaci\u00f3n de arma de fuego y delitos contra la salud, por lo que fueron vinculadas a proceso.<br><\/p>\n\n\n\n<p>Ante la Autoridad Judicial, el Agente del Ministerio P\u00fablico present\u00f3 datos de prueba en contra de Evodio \u201cN\u201d y Ricardo \u201cN\u201d por el delito de portaci\u00f3n de arma de fuego, as\u00ed como contra Ivonne Valeria \u201cN\u201d por delitos contra la salud en su modalidad de posesi\u00f3n simple.<br><\/p>\n\n\n\n<p>La detenci\u00f3n de los implicados se deriv\u00f3 de una acci\u00f3n operativa efectuada hace unos d\u00edas por personal de la Polic\u00eda de Investigaci\u00f3n de esta Fiscal\u00eda, en conjunto con agentes de la Secretar\u00eda de Seguridad estatal (SS), como parte de las investigaciones realizadas para la ubicaci\u00f3n de un veh\u00edculo de la marca Volkswagen, tipo Pointer, automotor presuntamente relacionado con los delitos de feminicidio, lesiones, privaci\u00f3n de la libertad y extorsi\u00f3n.<br><\/p>\n\n\n\n<p>De los trabajos llevados a cabo, fue posible ubicar dicha unidad sobre la calle Guillermo Rojas, colonia el Seminario Segunda Secci\u00f3n, de la ciudad de Toluca, encontr\u00e1ndose a los implicados en posesi\u00f3n de dos armas de fuego una de ella, calibres .9 mm. y otra .380 mm, as\u00ed como seis envoltorios con hierba color verde, al parecer marihuana.<br><\/p>\n\n\n\n<p>Por lo anterior, se efectu\u00f3 la detenci\u00f3n de Evodio \u201cN\u201d, Ricardo \u201cN\u201d e Ivonne Valeria \u201cN\u201d, por su posible relaci\u00f3n en los citados il\u00edcitos, por lo que fueron presentados ante el Agente del Ministerio P\u00fablico, quien los puso a disposici\u00f3n de la Autoridad Judicial, misma que determin\u00f3 iniciar proceso legal en su contra por su posible relaci\u00f3n en hechos constitutivos de delito, fijo adem\u00e1s garant\u00eda econ\u00f3mica, as\u00ed como declinar competencia a un juzgado federal por ambos il\u00edcitos.<br><\/p>\n\n\n\n<p>Evodio \u201cN\u201d y Ricardo \u201cN\u201d de igual forma enfrentan un proceso legal por extorsi\u00f3n il\u00edcito perpetrado en Metepec, por lo que al momento enfrentan dos procesos legales en su contra.<\/p>\n","protected":false},"excerpt":{"rendered":"<p>Dos de los detenidos de igual forma fueron vinculados a proceso por extorsi\u00f3n, por lo que enfrentan dos procesos legales en su contra. La Fiscal\u00eda General de Justicia del Estado de M\u00e9xico (FGJEM) acredit\u00f3 la probable relaci\u00f3n de tres personas en los delitos de portaci\u00f3n de arma de fuego y delitos contra la salud, por [&hellip;]<\/p>\n","protected":false},"author":1,"featured_media":24744,"comment_status":"closed","ping_status":"closed","sticky":false,"template":"","format":"standard","meta":{"footnotes":""},"categories":[36,37],"tags":[],"class_list":["post-24743","post","type-post","status-publish","format-standard","has-post-thumbnail","hentry","category-edomex","category-justicia"],"_links":{"self":[{"href":"https:\/\/elinformante.mx\/index.php?rest_route=\/wp\/v2\/posts\/24743","targetHints":{"allow":["GET"]}}],"collection":[{"href":"https:\/\/elinformante.mx\/index.php?rest_route=\/wp\/v2\/posts"}],"about":[{"href":"https:\/\/elinformante.mx\/index.php?rest_route=\/wp\/v2\/types\/post"}],"author":[{"embeddable":true,"href":"https:\/\/elinformante.mx\/index.php?rest_route=\/wp\/v2\/users\/1"}],"replies":[{"embeddable":true,"href":"https:\/\/elinformante.mx\/index.php?rest_route=%2Fwp%2Fv2%2Fcomments&post=24743"}],"version-history":[{"count":0,"href":"https:\/\/elinformante.mx\/index.php?rest_route=\/wp\/v2\/posts\/24743\/revisions"}],"wp:featuredmedia":[{"embeddable":true,"href":"https:\/\/elinformante.mx\/index.php?rest_route=\/wp\/v2\/media\/24744"}],"wp:attachment":[{"href":"https:\/\/elinformante.mx\/index.php?rest_route=%2Fwp%2Fv2%2Fmedia&parent=24743"}],"wp:term":[{"taxonomy":"category","embeddable":true,"href":"https:\/\/elinformante.mx\/index.php?rest_route=%2Fwp%2Fv2%2Fcategories&post=24743"},{"taxonomy":"post_tag","embeddable":true,"href":"https:\/\/elinformante.mx\/index.php?rest_route=%2Fwp%2Fv2%2Ftags&post=24743"}],"curies":[{"name":"wp","href":"https:\/\/api.w.org\/{rel}","templated":true}]}}