{"id":24756,"date":"2023-04-21T14:56:38","date_gmt":"2023-04-21T14:56:38","guid":{"rendered":"https:\/\/elinformante.mx\/?p=24756"},"modified":"2023-04-21T14:56:39","modified_gmt":"2023-04-21T14:56:39","slug":"el-doble-discurso-presidencial","status":"publish","type":"post","link":"https:\/\/elinformante.mx\/?p=24756","title":{"rendered":"El doble discurso presidencial"},"content":{"rendered":"\n<blockquote class=\"wp-block-quote is-layout-flow wp-block-quote-is-layout-flow\">\n<p><strong>Por Luis Pinal Da Silva<\/strong><\/p>\n<\/blockquote>\n\n\n\n<p>El presidente Andr\u00e9s Manuel L\u00f3pez Obrador no disimula el malestar que le causan las preguntas sobre las conductas de sus subordinados, contrarias a su discurso de austeridad republicana o de combate a la corrupci\u00f3n.<\/p>\n\n\n\n<p>El esc\u00e1ndalo suscitado por las revelaciones de un reportaje sobre los gastos de los viajes del secretario de la Defensa, Luis Cresencio Sandoval, y su familia &#8211; rentar un vag\u00f3n de un tren r\u00e1pido en Italia para que no hubiera gente que lo incomodara, por ejemplo -, no le mereci\u00f3 al Presidente ninguna declaraci\u00f3n.<\/p>\n\n\n\n<p>\u00bfY qu\u00e9?, respondi\u00f3 cuando se le pregunt\u00f3 su opini\u00f3n sobre los viajes del general y su familia.<\/p>\n\n\n\n<p>\u00bfY Loret, qu\u00e9?<\/p>\n\n\n\n<p>Pues qu\u00e9 de qu\u00e9.<\/p>\n\n\n\n<p>El Presidente mezcla peras con manzanas.<\/p>\n\n\n\n<p>Loret, pagado por empresas privadas, no utiliza recursos p\u00fablicos para sus viajes, lo que s\u00ed hizo, presuntamente, el secretario Sandoval.<\/p>\n\n\n\n<p>Los montos del viaje a Italia son tan altos, que s\u00f3lo los verdaderamente ricos podr\u00edan pagar m\u00e1s de 8,000 euros por una noche de hotel.<\/p>\n\n\n\n<p>No es que el secretario pueda salir de vacaciones y gastar su dinero en lo que quiera.<\/p>\n\n\n\n<p>Lo que se le cuestiona al Presidente, el mismo que ha dicho que solo basta tener un par de zapatos o un cambio de ropa \u201cporque lo dem\u00e1s es ambici\u00f3n\u2019\u2019, el mismo que cuestiona, fustiga a las clases medias por \u201caspiracionistas\u2019\u2019 &#8211; utilizado ambiciosos sin medida -, el que dice tener solo 200 pesos en la bolsa, es el mismo que tolera y defiende que uno de sus subordinados gaste decenas de miles de euros y utilice aeronaves propiedad de la naci\u00f3n para viajes personales.<\/p>\n\n\n\n<p>\u00bfNo era eso lo que criticaba a los exfuncionarios del PRI y el PAN?<\/p>\n\n\n\n<p>Los cuestionamientos tienen que ver con ese doble rasero para juzgar a sus cercanos y a quienes no lo son.<\/p>\n\n\n\n<p>\u00bfNo quer\u00eda el Presidente destazar al INE utilizando el discurso de la \u201causteridad\u201d? \u00bfNo dice que su intento por desaparecer al Inai, el instituto para la transparencia, es porque el Gobierno quiere ahorrar mil millones de pesos?<\/p>\n\n\n\n<p>Su respuesta a los cuestionamientos sobre la persistencia de pr\u00e1cticas que antes critic\u00f3 solo demuestra su falta de argumentos y el fastidio de tener que lidiar diariamente con la prensa de verdad.<\/p>\n\n\n\n<p>\u201cH\u00e1gase la austeridad en los bueyes de mi compadre, pues\u2019\u2019.<\/p>\n\n\n\n<p>\u00bfY qu\u00e9? H\u00e1ganle como quieran.<\/p>\n","protected":false},"excerpt":{"rendered":"<p>Por Luis Pinal Da Silva El presidente Andr\u00e9s Manuel L\u00f3pez Obrador no disimula el malestar que le causan las preguntas sobre las conductas de sus subordinados, contrarias a su discurso de austeridad republicana o de combate a la corrupci\u00f3n. El esc\u00e1ndalo suscitado por las revelaciones de un reportaje sobre los gastos de los viajes del [&hellip;]<\/p>\n","protected":false},"author":1,"featured_media":24757,"comment_status":"closed","ping_status":"closed","sticky":false,"template":"","format":"standard","meta":{"footnotes":""},"categories":[32],"tags":[],"class_list":["post-24756","post","type-post","status-publish","format-standard","has-post-thumbnail","hentry","category-editorial"],"_links":{"self":[{"href":"https:\/\/elinformante.mx\/index.php?rest_route=\/wp\/v2\/posts\/24756","targetHints":{"allow":["GET"]}}],"collection":[{"href":"https:\/\/elinformante.mx\/index.php?rest_route=\/wp\/v2\/posts"}],"about":[{"href":"https:\/\/elinformante.mx\/index.php?rest_route=\/wp\/v2\/types\/post"}],"author":[{"embeddable":true,"href":"https:\/\/elinformante.mx\/index.php?rest_route=\/wp\/v2\/users\/1"}],"replies":[{"embeddable":true,"href":"https:\/\/elinformante.mx\/index.php?rest_route=%2Fwp%2Fv2%2Fcomments&post=24756"}],"version-history":[{"count":0,"href":"https:\/\/elinformante.mx\/index.php?rest_route=\/wp\/v2\/posts\/24756\/revisions"}],"wp:featuredmedia":[{"embeddable":true,"href":"https:\/\/elinformante.mx\/index.php?rest_route=\/wp\/v2\/media\/24757"}],"wp:attachment":[{"href":"https:\/\/elinformante.mx\/index.php?rest_route=%2Fwp%2Fv2%2Fmedia&parent=24756"}],"wp:term":[{"taxonomy":"category","embeddable":true,"href":"https:\/\/elinformante.mx\/index.php?rest_route=%2Fwp%2Fv2%2Fcategories&post=24756"},{"taxonomy":"post_tag","embeddable":true,"href":"https:\/\/elinformante.mx\/index.php?rest_route=%2Fwp%2Fv2%2Ftags&post=24756"}],"curies":[{"name":"wp","href":"https:\/\/api.w.org\/{rel}","templated":true}]}}