{"id":25616,"date":"2023-05-04T14:59:53","date_gmt":"2023-05-04T14:59:53","guid":{"rendered":"https:\/\/elinformante.mx\/?p=25616"},"modified":"2023-05-04T15:01:09","modified_gmt":"2023-05-04T15:01:09","slug":"suman-ocho-incendios-forestales-que-se-encuentran-activos-en-jalisco","status":"publish","type":"post","link":"https:\/\/elinformante.mx\/?p=25616","title":{"rendered":"Suman ocho incendios forestales que se encuentran activos en Jalisco"},"content":{"rendered":"\n<blockquote class=\"wp-block-quote is-layout-flow wp-block-quote-is-layout-flow\">\n<p>Debido a la presencia de mala calidad en el aire la Semadet ha emiti\u00f3 la alerta atmosf\u00e9rica en siete municipios, recomienda la toma de precauciones en la ZMG debido a la movilizaci\u00f3n del aire en el sur.<\/p>\n<\/blockquote>\n\n\n\n<p>Este martes hab\u00eda activos ocho incendios forestales en Jalisco, de acuerdo con reportes en redes sociales de la Secretar\u00eda de Medio Ambiente y Desarrollo Territorial (Semadet).<br><\/p>\n\n\n\n<p>Adem\u00e1s del m\u00e1s grande, que se registr\u00f3 en la zona de los municipios de Atemajac de Brizuela y Chiquilistl\u00e1n, se documentaron otros en Zapopan, Tapalpa, Cuautitl\u00e1n de Garc\u00eda Barrag\u00e1n, Talpa y Mascota.<br><\/p>\n\n\n\n<p>En el caso del primero, lo combaten 200 brigadistas y 250 voluntarios capacitados que est\u00e1n apoyados por 30 veh\u00edculos y dos helic\u00f3pteros.<br><\/p>\n\n\n\n<p>El de Tapalpa se desarrolla en el paraje Los Desmontes y avanz\u00f3 desde las 14:00 horas del martes. El anterior, que provoc\u00f3 la muerte de un bombero forestal, fue extinguido desde el lunes por los combatientes.<br><\/p>\n\n\n\n<p>En Zapopan, los incendios ocurrieron en La Tiznada, fuera del \u00c1rea Natural Protegida (ANP) del Bosque La Primavera, en La Mesa de los Indios y en La Mesa de los Caballos.<br><\/p>\n\n\n\n<p>En Cuautitl\u00e1n de Garc\u00eda Barrag\u00e1n, Talpa de Allende y Mascota avanzaron tres m\u00e1s.<br><\/p>\n\n\n\n<p>Las autoridades tambi\u00e9n atendieron otro en un paraje de Tolim\u00e1n, dentro del ANP de la Reserva de la Bi\u00f3sfera, en la Sierra de Manantl\u00e1n. Fue controlado.<br><\/p>\n\n\n\n<p>El anterior domingo, este medio public\u00f3 que Jalisco es l\u00edder nacional con m\u00e1s hect\u00e1reas incendiadas este a\u00f1o, aunque todav\u00eda falta lo peor del estiaje.<\/p>\n","protected":false},"excerpt":{"rendered":"<p>Debido a la presencia de mala calidad en el aire la Semadet ha emiti\u00f3 la alerta atmosf\u00e9rica en siete municipios, recomienda la toma de precauciones en la ZMG debido a la movilizaci\u00f3n del aire en el sur. Este martes hab\u00eda activos ocho incendios forestales en Jalisco, de acuerdo con reportes en redes sociales de la [&hellip;]<\/p>\n","protected":false},"author":1,"featured_media":25617,"comment_status":"closed","ping_status":"closed","sticky":false,"template":"","format":"standard","meta":{"footnotes":""},"categories":[30,34],"tags":[],"class_list":["post-25616","post","type-post","status-publish","format-standard","has-post-thumbnail","hentry","category-destacado","category-nacional"],"_links":{"self":[{"href":"https:\/\/elinformante.mx\/index.php?rest_route=\/wp\/v2\/posts\/25616","targetHints":{"allow":["GET"]}}],"collection":[{"href":"https:\/\/elinformante.mx\/index.php?rest_route=\/wp\/v2\/posts"}],"about":[{"href":"https:\/\/elinformante.mx\/index.php?rest_route=\/wp\/v2\/types\/post"}],"author":[{"embeddable":true,"href":"https:\/\/elinformante.mx\/index.php?rest_route=\/wp\/v2\/users\/1"}],"replies":[{"embeddable":true,"href":"https:\/\/elinformante.mx\/index.php?rest_route=%2Fwp%2Fv2%2Fcomments&post=25616"}],"version-history":[{"count":0,"href":"https:\/\/elinformante.mx\/index.php?rest_route=\/wp\/v2\/posts\/25616\/revisions"}],"wp:featuredmedia":[{"embeddable":true,"href":"https:\/\/elinformante.mx\/index.php?rest_route=\/wp\/v2\/media\/25617"}],"wp:attachment":[{"href":"https:\/\/elinformante.mx\/index.php?rest_route=%2Fwp%2Fv2%2Fmedia&parent=25616"}],"wp:term":[{"taxonomy":"category","embeddable":true,"href":"https:\/\/elinformante.mx\/index.php?rest_route=%2Fwp%2Fv2%2Fcategories&post=25616"},{"taxonomy":"post_tag","embeddable":true,"href":"https:\/\/elinformante.mx\/index.php?rest_route=%2Fwp%2Fv2%2Ftags&post=25616"}],"curies":[{"name":"wp","href":"https:\/\/api.w.org\/{rel}","templated":true}]}}