{"id":25638,"date":"2023-05-04T15:11:49","date_gmt":"2023-05-04T15:11:49","guid":{"rendered":"https:\/\/elinformante.mx\/?p=25638"},"modified":"2023-05-04T15:11:50","modified_gmt":"2023-05-04T15:11:50","slug":"amlo-envio-misiva-a-biden-por-financiamiento-de-estados-unidos-a-organizaciones-en-mexico","status":"publish","type":"post","link":"https:\/\/elinformante.mx\/?p=25638","title":{"rendered":"AMLO envi\u00f3 misiva a Biden por financiamiento de Estados Unidos a organizaciones en M\u00e9xico"},"content":{"rendered":"\n<blockquote class=\"wp-block-quote is-layout-flow wp-block-quote-is-layout-flow\">\n<p>Son de las cosas que deben revisarse, con todo respeto, porque la relaci\u00f3n entre los pa\u00edses debe ser una relaci\u00f3n de respeto a la soberan\u00eda de los pueblos, dijo.<\/p>\n<\/blockquote>\n\n\n\n<p>En el marco de la conferencia ma\u00f1anera, el presidente Andr\u00e9s Manuel L\u00f3pez Obrador dio a conocer que envi\u00f3 una carta a su hom\u00f3logo de Estados Unidos, Joe Biden en la que extern\u00f3 su inconformidad por el financiamiento que el Departamento de Estado de ese pa\u00eds brinda a las organizaciones civiles en M\u00e9xico, opositoras al movimiento de la cuarta transformaci\u00f3n.<br><\/p>\n\n\n\n<p>El tabasque\u00f1o inform\u00f3 que durante la reuni\u00f3n de este martes con Elizabeth Sherwood-Randall, asesora de Seguridad Nacional de Estados Unidos, aprovech\u00f3 el momento para interponer una queja sobre el tema, adelant\u00e1ndole el contenido de la carta, misma que prometi\u00f3 a la funcionaria no enviar\u00eda.<br><\/p>\n\n\n\n<p>Le dije a la se\u00f1ora Elizabeth que me daba pena porque ha sido muy bueno con nosotros el presidente Biden, le dije \u2018nada m\u00e1s le voy a pedir a la traductora que le lea la carta, pero no le comente nada\u2019 (a Biden)\u201d, expres\u00f3 el presidente mexicano, quien de paso aprovech\u00f3 el momento para disculparse con la asesora por haberla enviado.<br><\/p>\n\n\n\n<p>En este contexto, L\u00f3pez Obrador justific\u00f3 su cambio de postura argumentando que es prepotente y ofensivo el creciente injerencismo del pa\u00eds vecino en temas nacionales, raz\u00f3n por la que no se pudo quedar callado.<br><\/p>\n\n\n\n<figure class=\"wp-block-image size-large\"><img fetchpriority=\"high\" decoding=\"async\" width=\"1024\" height=\"503\" src=\"https:\/\/elinformante.mx\/wp-content\/uploads\/2023\/05\/AMLO-2-1-1024x503.jpg\" alt=\"\" class=\"wp-image-25640\" srcset=\"https:\/\/elinformante.mx\/wp-content\/uploads\/2023\/05\/AMLO-2-1-1024x503.jpg 1024w, https:\/\/elinformante.mx\/wp-content\/uploads\/2023\/05\/AMLO-2-1-300x147.jpg 300w, https:\/\/elinformante.mx\/wp-content\/uploads\/2023\/05\/AMLO-2-1-768x377.jpg 768w, https:\/\/elinformante.mx\/wp-content\/uploads\/2023\/05\/AMLO-2-1-580x285.jpg 580w, https:\/\/elinformante.mx\/wp-content\/uploads\/2023\/05\/AMLO-2-1-860x422.jpg 860w, https:\/\/elinformante.mx\/wp-content\/uploads\/2023\/05\/AMLO-2-1.jpg 1140w\" sizes=\"(max-width: 1024px) 100vw, 1024px\" \/><\/figure>\n\n\n\n<p>\u201cSon de las cosas que deben revisarse, con todo respeto, porque la relaci\u00f3n entre los pa\u00edses debe ser una relaci\u00f3n de respeto a la soberan\u00eda de los pueblos\u201d, enfatiz\u00f3 el mandatario en Palacio Nacional.<br><\/p>\n\n\n\n<p>L\u00f3pez Obrador dej\u00f3 en claro que la relaci\u00f3n con el presidente estadunidense es bastante buena, pero explic\u00f3 que pese al discurso hay pol\u00edticas que se aplican de tiempo atr\u00e1s que son muy injerencistas.<br><\/p>\n\n\n\n<p>Para cerrar su intervenci\u00f3n en temas con el gobierno de Estados Unidos, Andr\u00e9s Manuel L\u00f3pez Obrador recomend\u00f3 al Congreso de ese pa\u00eds iniciar una investigaci\u00f3n sobre el hackeo a cargo del colectivo Guacamaya en relaci\u00f3n a los ej\u00e9rcitos de varios pa\u00edses de Am\u00e9rica Latina.<br><\/p>\n\n\n\n<p>Esos hackeos se han llevado a cabo en otros pa\u00edses de Am\u00e9rica Latina. Deber\u00edan los estadunidenses, como una recomendaci\u00f3n, su Congreso abrir una investigaci\u00f3n sobre este tema que es preocupante\u201d, concluy\u00f3 el jefe del ejecutivo federal.<\/p>\n","protected":false},"excerpt":{"rendered":"<p>Son de las cosas que deben revisarse, con todo respeto, porque la relaci\u00f3n entre los pa\u00edses debe ser una relaci\u00f3n de respeto a la soberan\u00eda de los pueblos, dijo. En el marco de la conferencia ma\u00f1anera, el presidente Andr\u00e9s Manuel L\u00f3pez Obrador dio a conocer que envi\u00f3 una carta a su hom\u00f3logo de Estados Unidos, [&hellip;]<\/p>\n","protected":false},"author":1,"featured_media":25639,"comment_status":"closed","ping_status":"closed","sticky":false,"template":"","format":"standard","meta":{"footnotes":""},"categories":[34],"tags":[],"class_list":["post-25638","post","type-post","status-publish","format-standard","has-post-thumbnail","hentry","category-nacional"],"_links":{"self":[{"href":"https:\/\/elinformante.mx\/index.php?rest_route=\/wp\/v2\/posts\/25638","targetHints":{"allow":["GET"]}}],"collection":[{"href":"https:\/\/elinformante.mx\/index.php?rest_route=\/wp\/v2\/posts"}],"about":[{"href":"https:\/\/elinformante.mx\/index.php?rest_route=\/wp\/v2\/types\/post"}],"author":[{"embeddable":true,"href":"https:\/\/elinformante.mx\/index.php?rest_route=\/wp\/v2\/users\/1"}],"replies":[{"embeddable":true,"href":"https:\/\/elinformante.mx\/index.php?rest_route=%2Fwp%2Fv2%2Fcomments&post=25638"}],"version-history":[{"count":0,"href":"https:\/\/elinformante.mx\/index.php?rest_route=\/wp\/v2\/posts\/25638\/revisions"}],"wp:featuredmedia":[{"embeddable":true,"href":"https:\/\/elinformante.mx\/index.php?rest_route=\/wp\/v2\/media\/25639"}],"wp:attachment":[{"href":"https:\/\/elinformante.mx\/index.php?rest_route=%2Fwp%2Fv2%2Fmedia&parent=25638"}],"wp:term":[{"taxonomy":"category","embeddable":true,"href":"https:\/\/elinformante.mx\/index.php?rest_route=%2Fwp%2Fv2%2Fcategories&post=25638"},{"taxonomy":"post_tag","embeddable":true,"href":"https:\/\/elinformante.mx\/index.php?rest_route=%2Fwp%2Fv2%2Ftags&post=25638"}],"curies":[{"name":"wp","href":"https:\/\/api.w.org\/{rel}","templated":true}]}}