{"id":25867,"date":"2023-05-08T15:31:32","date_gmt":"2023-05-08T15:31:32","guid":{"rendered":"https:\/\/elinformante.mx\/?p=25867"},"modified":"2023-05-08T15:31:33","modified_gmt":"2023-05-08T15:31:33","slug":"tren-maya-se-inaugurara-en-diciembre-llueva-truene-o-relampaguee-amlo","status":"publish","type":"post","link":"https:\/\/elinformante.mx\/?p=25867","title":{"rendered":"Tren Maya se inaugurar\u00e1 en diciembre \u201cllueva, truene o relampaguee\u201d: AMLO"},"content":{"rendered":"\n<blockquote class=\"wp-block-quote is-layout-flow wp-block-quote-is-layout-flow\">\n<p>El mandatario realiz\u00f3 la supervisi\u00f3n de las obras de construcci\u00f3n de los tramos 1, 6 y 7 del Tren Maya, indic\u00f3 en sus redes sociales.<\/p>\n<\/blockquote>\n\n\n\n<p>El presidente Andr\u00e9s Manuel L\u00f3pez Obrador asegur\u00f3 que en diciembre de este a\u00f1o ser\u00e1 inaugurado el Tren Maya, una de las obras emblem\u00e1ticas de su sexenio, as\u00ed \u201cllueva, truene o relampague\u00e9\u201d.<br><\/p>\n\n\n\n<p>\u201cVamos a inaugurar esta gran obra de mil 554 km en diciembre, llueva, truene o relampague\u00e9, con el favor de la ciencia y el creador\u201d, dijo el mandatario en un mensaje difundido a trav\u00e9s de sus redes sociales.<br><\/p>\n\n\n\n<p>Relat\u00f3 que, tras acudir el viernes a la conmemoraci\u00f3n de la Batalla de Puebla en la capital poblana, viaj\u00f3 por la tarde a Chetumal, Quintana Roo, en donde realiz\u00f3 la evaluaci\u00f3n de los tramos 1, 6 y 7 del Tren Maya.<br><\/p>\n\n\n\n<p>Este s\u00e1bado el mandatario sobrevol\u00f3 el trayecto Chetumal-Tulum-Canc\u00fan-M\u00e9rida y sostuvo dos reuniones para constatar los avances en la construcci\u00f3n del Aeropuerto de Tulum, as\u00ed como en los tramos 5, 4 y 3 del Tren Maya.<br><\/p>\n\n\n\n<p>L\u00f3pez Obrador inform\u00f3 que la ma\u00f1ana de este domingo estar\u00e1 en Campeche y por la tarde regresar\u00e1 a la Ciudad de M\u00e9xico.<br><\/p>\n\n\n\n<p>Por su parte, la gobernadora de Quintana Roo, Mara Lezama, asegur\u00f3 que el presidente le confirm\u00f3 que el gobierno federal apoyar\u00e1 la ampliaci\u00f3n del libramiento 180-D, avenida que une a las carreteras Canc\u00fan-M\u00e9rida con la Canc\u00fan-Tulum.<br><\/p>\n\n\n\n<p>\u201cEsta importante vialidad es la que pasa a un costado del Aeropuerto Internacional de Canc\u00fan y de la nueva estaci\u00f3n del Tren Maya. All\u00ed, todo un tramo ser\u00e1 ampliado a 4 carriles, contar\u00e1 con dos distribuidores viales, camell\u00f3n central, iluminaci\u00f3n, acotamientos y con carpeta asf\u00e1ltica\u201d, se\u00f1al\u00f3 la gobernadora en su cuenta de Twitter.<br><\/p>\n\n\n\n<p>\u201c\u00a1Gracias Presidente por siempre escucharnos y por su amor hacia Quintana Roo!\u201d, dijo Lezama en su mensaje.<\/p>\n","protected":false},"excerpt":{"rendered":"<p>El mandatario realiz\u00f3 la supervisi\u00f3n de las obras de construcci\u00f3n de los tramos 1, 6 y 7 del Tren Maya, indic\u00f3 en sus redes sociales. El presidente Andr\u00e9s Manuel L\u00f3pez Obrador asegur\u00f3 que en diciembre de este a\u00f1o ser\u00e1 inaugurado el Tren Maya, una de las obras emblem\u00e1ticas de su sexenio, as\u00ed \u201cllueva, truene o [&hellip;]<\/p>\n","protected":false},"author":1,"featured_media":25868,"comment_status":"closed","ping_status":"closed","sticky":false,"template":"","format":"standard","meta":{"footnotes":""},"categories":[34],"tags":[],"class_list":["post-25867","post","type-post","status-publish","format-standard","has-post-thumbnail","hentry","category-nacional"],"_links":{"self":[{"href":"https:\/\/elinformante.mx\/index.php?rest_route=\/wp\/v2\/posts\/25867","targetHints":{"allow":["GET"]}}],"collection":[{"href":"https:\/\/elinformante.mx\/index.php?rest_route=\/wp\/v2\/posts"}],"about":[{"href":"https:\/\/elinformante.mx\/index.php?rest_route=\/wp\/v2\/types\/post"}],"author":[{"embeddable":true,"href":"https:\/\/elinformante.mx\/index.php?rest_route=\/wp\/v2\/users\/1"}],"replies":[{"embeddable":true,"href":"https:\/\/elinformante.mx\/index.php?rest_route=%2Fwp%2Fv2%2Fcomments&post=25867"}],"version-history":[{"count":0,"href":"https:\/\/elinformante.mx\/index.php?rest_route=\/wp\/v2\/posts\/25867\/revisions"}],"wp:featuredmedia":[{"embeddable":true,"href":"https:\/\/elinformante.mx\/index.php?rest_route=\/wp\/v2\/media\/25868"}],"wp:attachment":[{"href":"https:\/\/elinformante.mx\/index.php?rest_route=%2Fwp%2Fv2%2Fmedia&parent=25867"}],"wp:term":[{"taxonomy":"category","embeddable":true,"href":"https:\/\/elinformante.mx\/index.php?rest_route=%2Fwp%2Fv2%2Fcategories&post=25867"},{"taxonomy":"post_tag","embeddable":true,"href":"https:\/\/elinformante.mx\/index.php?rest_route=%2Fwp%2Fv2%2Ftags&post=25867"}],"curies":[{"name":"wp","href":"https:\/\/api.w.org\/{rel}","templated":true}]}}