{"id":26213,"date":"2023-05-12T13:33:24","date_gmt":"2023-05-12T13:33:24","guid":{"rendered":"https:\/\/elinformante.mx\/?p=26213"},"modified":"2023-05-12T13:33:24","modified_gmt":"2023-05-12T13:33:24","slug":"nadie-puede-decirnos-que-no-podemos-claudia-sheinbaum","status":"publish","type":"post","link":"https:\/\/elinformante.mx\/?p=26213","title":{"rendered":"\u201cNADIE PUEDE DECIRNOS QUE NO PODEMOS\u201d: CLAUDIA SHEINBAUM"},"content":{"rendered":"\n<blockquote class=\"wp-block-quote is-layout-flow wp-block-quote-is-layout-flow\">\n<p class=\"wp-block-paragraph\">La jefa de Gobierno asegur\u00f3 que ella est\u00e1 preparada para ser presidenta de M\u00e9xico<\/p>\n<\/blockquote>\n\n\n\n<p class=\"wp-block-paragraph\">La jefa de Gobierno de la Ciudad de M\u00e9xico, Claudia Sheinbaum Pardo, asegur\u00f3 que M\u00e9xico est\u00e1 listo para tener a una mujer presidenta.<br><\/p>\n\n\n\n<p class=\"wp-block-paragraph\">\u201cClaro que s\u00ed\u201d, dijo la mandataria capitalina ante pregunta expresa tras su participaci\u00f3n en la Feria por la paz, la igualdad y una vida libre de violencia para ni\u00f1as y adolescentes.<br><\/p>\n\n\n\n<p class=\"wp-block-paragraph\">Al respecto, destac\u00f3 que a pesar de que hay personas que usan expresiones mis\u00f3ginas respecto a sus aspiraciones rumbo a las elecciones de 2024, la mayor parte de la poblaci\u00f3n que reside en el pa\u00eds ve con buenos ojos que una mujer sea quien encabece el gabinete presidencial para el pr\u00f3ximo a\u00f1o.<br><\/p>\n\n\n\n<figure class=\"wp-block-image size-large\"><img fetchpriority=\"high\" decoding=\"async\" width=\"1024\" height=\"503\" src=\"https:\/\/elinformante.mx\/wp-content\/uploads\/2023\/05\/nadie-4-1024x503.jpg\" alt=\"\" class=\"wp-image-26215\" srcset=\"https:\/\/elinformante.mx\/wp-content\/uploads\/2023\/05\/nadie-4-1024x503.jpg 1024w, https:\/\/elinformante.mx\/wp-content\/uploads\/2023\/05\/nadie-4-300x147.jpg 300w, https:\/\/elinformante.mx\/wp-content\/uploads\/2023\/05\/nadie-4-768x377.jpg 768w, https:\/\/elinformante.mx\/wp-content\/uploads\/2023\/05\/nadie-4-580x285.jpg 580w, https:\/\/elinformante.mx\/wp-content\/uploads\/2023\/05\/nadie-4-860x422.jpg 860w, https:\/\/elinformante.mx\/wp-content\/uploads\/2023\/05\/nadie-4.jpg 1140w\" sizes=\"(max-width: 1024px) 100vw, 1024px\" \/><\/figure>\n\n\n\n<p class=\"wp-block-paragraph\">\u201cEn las encuestas nacionales se les pregunta a las personas si quisieran que el pr\u00f3ximo presidente o presidenta fuera hombre o mujer, el 20 por ciento m\u00e1s menos, dependiendo de la encuesta, dice hombre, el 30 por ciento dice mujer, es decir, m\u00e1s personas dicen que prefieren mujer presidenta, y el 50 por ciento dice que no importa si es hombre o mujer, siempre y cuando sea una persona honesta y sea buen presidente o presidenta\u201d, mencion\u00f3.<br><\/p>\n\n\n\n<p class=\"wp-block-paragraph\">La jefa de Gobierno asegur\u00f3 que ella est\u00e1 lista para ocupar el cargo e invit\u00f3 a las ni\u00f1as y j\u00f3venes a luchar por sus objetivos. \u201cS\u00ed\u201d, respondi\u00f3 sobre estar convencida de que tiene todo para ser presidenta de la Rep\u00fablica Mexicana.<br><\/p>\n\n\n\n<p class=\"wp-block-paragraph\">\u201cEs un discurso a las mujeres, a las ni\u00f1as y a las j\u00f3venes, nadie puede decirnos que no podemos, la violencia en general minimiza a las personas, genera problemas de autoestima. Cuando hay violencia contra las mujeres muchas veces las mujeres nos sentimos menos por esa violencia que hemos vivido durante tanto tiempo y es importante hablarle tanto a quien provoca la violencia como a las ni\u00f1as y a las j\u00f3venes, que no se dejen, que ellas tienen todos los derechos en estas aspiraciones y carrera\u201d, destac\u00f3.<\/p>\n","protected":false},"excerpt":{"rendered":"<p>La jefa de Gobierno asegur\u00f3 que ella est\u00e1 preparada para ser presidenta de M\u00e9xico La jefa de Gobierno de la Ciudad de M\u00e9xico, Claudia Sheinbaum Pardo, asegur\u00f3 que M\u00e9xico est\u00e1 listo para tener a una mujer presidenta. \u201cClaro que s\u00ed\u201d, dijo la mandataria capitalina ante pregunta expresa tras su participaci\u00f3n en la Feria por la [&hellip;]<\/p>\n","protected":false},"author":1,"featured_media":26214,"comment_status":"closed","ping_status":"closed","sticky":false,"template":"","format":"standard","meta":{"footnotes":""},"categories":[30,31],"tags":[],"class_list":["post-26213","post","type-post","status-publish","format-standard","has-post-thumbnail","hentry","category-destacado","category-portada"],"_links":{"self":[{"href":"https:\/\/elinformante.mx\/index.php?rest_route=\/wp\/v2\/posts\/26213","targetHints":{"allow":["GET"]}}],"collection":[{"href":"https:\/\/elinformante.mx\/index.php?rest_route=\/wp\/v2\/posts"}],"about":[{"href":"https:\/\/elinformante.mx\/index.php?rest_route=\/wp\/v2\/types\/post"}],"author":[{"embeddable":true,"href":"https:\/\/elinformante.mx\/index.php?rest_route=\/wp\/v2\/users\/1"}],"replies":[{"embeddable":true,"href":"https:\/\/elinformante.mx\/index.php?rest_route=%2Fwp%2Fv2%2Fcomments&post=26213"}],"version-history":[{"count":0,"href":"https:\/\/elinformante.mx\/index.php?rest_route=\/wp\/v2\/posts\/26213\/revisions"}],"wp:featuredmedia":[{"embeddable":true,"href":"https:\/\/elinformante.mx\/index.php?rest_route=\/wp\/v2\/media\/26214"}],"wp:attachment":[{"href":"https:\/\/elinformante.mx\/index.php?rest_route=%2Fwp%2Fv2%2Fmedia&parent=26213"}],"wp:term":[{"taxonomy":"category","embeddable":true,"href":"https:\/\/elinformante.mx\/index.php?rest_route=%2Fwp%2Fv2%2Fcategories&post=26213"},{"taxonomy":"post_tag","embeddable":true,"href":"https:\/\/elinformante.mx\/index.php?rest_route=%2Fwp%2Fv2%2Ftags&post=26213"}],"curies":[{"name":"wp","href":"https:\/\/api.w.org\/{rel}","templated":true}]}}