{"id":26229,"date":"2023-05-12T14:06:58","date_gmt":"2023-05-12T14:06:58","guid":{"rendered":"https:\/\/elinformante.mx\/?p=26229"},"modified":"2023-05-12T14:06:59","modified_gmt":"2023-05-12T14:06:59","slug":"festival-de-cannes-contara-con-grandes-medidas-de-seguridad","status":"publish","type":"post","link":"https:\/\/elinformante.mx\/?p=26229","title":{"rendered":"Festival de Cannes contar\u00e1 con grandes medidas de seguridad"},"content":{"rendered":"\n<blockquote class=\"wp-block-quote is-layout-flow wp-block-quote-is-layout-flow\">\n<p class=\"wp-block-paragraph\">El equipo se ver\u00e1 reforzado por cuatro compa\u00f1\u00edas del cuerpo policial antimotines y cerca de 200 agentes de la polic\u00eda municipal, que cuenta con una brigada canina.<\/p>\n<\/blockquote>\n\n\n\n<p class=\"wp-block-paragraph\">La 76 edici\u00f3n del Festival de Cine de Cannes se celebrar\u00e1 este a\u00f1o bajo fuertes medidas de seguridad, con un importante despliegue policial que prestar\u00e1 especial atenci\u00f3n a posibles manifestaciones en un contexto socialmente tenso en Francia.<br><\/p>\n\n\n\n<p class=\"wp-block-paragraph\">Mil polic\u00edas, gendarmes y agentes de seguridad privada ser\u00e1n desplegados para la cita, que ser\u00e1 del 16 al 27 de mayo en la Costa Azul, en el sureste de Francia.<br><\/p>\n\n\n\n<p class=\"wp-block-paragraph\">El certamen, para el que fueron acreditados cuatro mil 500 periodistas, suele atraer a una multitud de espectadores y estrellas del cine.<br><\/p>\n\n\n\n<p class=\"wp-block-paragraph\">El \u201calto nivel de seguridad\u201d que caracterizar\u00e1 el evento se debe al departamento (entidad territorial francesa) en el que tiene lugar.<br><\/p>\n\n\n\n<figure class=\"wp-block-image size-large\"><img fetchpriority=\"high\" decoding=\"async\" width=\"1024\" height=\"503\" src=\"https:\/\/elinformante.mx\/wp-content\/uploads\/2023\/05\/FESTIVAL-1024x503.jpg\" alt=\"\" class=\"wp-image-26231\" srcset=\"https:\/\/elinformante.mx\/wp-content\/uploads\/2023\/05\/FESTIVAL-1024x503.jpg 1024w, https:\/\/elinformante.mx\/wp-content\/uploads\/2023\/05\/FESTIVAL-300x147.jpg 300w, https:\/\/elinformante.mx\/wp-content\/uploads\/2023\/05\/FESTIVAL-768x377.jpg 768w, https:\/\/elinformante.mx\/wp-content\/uploads\/2023\/05\/FESTIVAL-580x285.jpg 580w, https:\/\/elinformante.mx\/wp-content\/uploads\/2023\/05\/FESTIVAL-860x422.jpg 860w, https:\/\/elinformante.mx\/wp-content\/uploads\/2023\/05\/FESTIVAL.jpg 1140w\" sizes=\"(max-width: 1024px) 100vw, 1024px\" \/><\/figure>\n\n\n\n<p class=\"wp-block-paragraph\">La zona \u201csufri\u00f3 actos terroristas y atrae a una poblaci\u00f3n bastante sensible, es decir VIP\u201d, explic\u00f3 el subprefecto de Grasse, Jean-Claude Geney, encargado del dispositivo de seguridad.<br><\/p>\n\n\n\n<p class=\"wp-block-paragraph\">Para la edici\u00f3n de este a\u00f1o, el nivel de seguridad \u201cser\u00e1 el mismo que el a\u00f1o pasado\u201d, que ya era muy alto, precis\u00f3.<br><\/p>\n\n\n\n<p class=\"wp-block-paragraph\">Pero ante el turbulento periodo que vive el pa\u00eds, se prestar\u00e1 \u201cuna atenci\u00f3n particular a posibles congregaciones de personas\u201d, a\u00f1adi\u00f3.<br><\/p>\n\n\n\n<p class=\"wp-block-paragraph\">Puede ser que tengamos m\u00e1s trabajo que el a\u00f1o pasado\u201d, continu\u00f3.<br><\/p>\n\n\n\n<p class=\"wp-block-paragraph\">Francia vive un periodo convulso marcado por manifestaciones masivas en rechazo a una impopular reforma de las pensiones promulgada por el presidente liberal Emmanuel Macron a mediados de abril.<\/p>\n","protected":false},"excerpt":{"rendered":"<p>El equipo se ver\u00e1 reforzado por cuatro compa\u00f1\u00edas del cuerpo policial antimotines y cerca de 200 agentes de la polic\u00eda municipal, que cuenta con una brigada canina. La 76 edici\u00f3n del Festival de Cine de Cannes se celebrar\u00e1 este a\u00f1o bajo fuertes medidas de seguridad, con un importante despliegue policial que prestar\u00e1 especial atenci\u00f3n a [&hellip;]<\/p>\n","protected":false},"author":1,"featured_media":26230,"comment_status":"closed","ping_status":"closed","sticky":false,"template":"","format":"standard","meta":{"footnotes":""},"categories":[39],"tags":[],"class_list":["post-26229","post","type-post","status-publish","format-standard","has-post-thumbnail","hentry","category-espectaculos"],"_links":{"self":[{"href":"https:\/\/elinformante.mx\/index.php?rest_route=\/wp\/v2\/posts\/26229","targetHints":{"allow":["GET"]}}],"collection":[{"href":"https:\/\/elinformante.mx\/index.php?rest_route=\/wp\/v2\/posts"}],"about":[{"href":"https:\/\/elinformante.mx\/index.php?rest_route=\/wp\/v2\/types\/post"}],"author":[{"embeddable":true,"href":"https:\/\/elinformante.mx\/index.php?rest_route=\/wp\/v2\/users\/1"}],"replies":[{"embeddable":true,"href":"https:\/\/elinformante.mx\/index.php?rest_route=%2Fwp%2Fv2%2Fcomments&post=26229"}],"version-history":[{"count":0,"href":"https:\/\/elinformante.mx\/index.php?rest_route=\/wp\/v2\/posts\/26229\/revisions"}],"wp:featuredmedia":[{"embeddable":true,"href":"https:\/\/elinformante.mx\/index.php?rest_route=\/wp\/v2\/media\/26230"}],"wp:attachment":[{"href":"https:\/\/elinformante.mx\/index.php?rest_route=%2Fwp%2Fv2%2Fmedia&parent=26229"}],"wp:term":[{"taxonomy":"category","embeddable":true,"href":"https:\/\/elinformante.mx\/index.php?rest_route=%2Fwp%2Fv2%2Fcategories&post=26229"},{"taxonomy":"post_tag","embeddable":true,"href":"https:\/\/elinformante.mx\/index.php?rest_route=%2Fwp%2Fv2%2Ftags&post=26229"}],"curies":[{"name":"wp","href":"https:\/\/api.w.org\/{rel}","templated":true}]}}