{"id":26343,"date":"2023-05-15T14:16:42","date_gmt":"2023-05-15T14:16:42","guid":{"rendered":"https:\/\/elinformante.mx\/?p=26343"},"modified":"2023-05-15T14:16:43","modified_gmt":"2023-05-15T14:16:43","slug":"reconoce-alfredo-del-mazo-a-enfermeras-y-enfermeros-en-su-dia-internacional","status":"publish","type":"post","link":"https:\/\/elinformante.mx\/?p=26343","title":{"rendered":"Reconoce Alfredo del Mazo a enfermeras y enfermeros en su d\u00eda internacional"},"content":{"rendered":"\n<blockquote class=\"wp-block-quote is-layout-flow wp-block-quote-is-layout-flow\">\n<p>El mandatario destac\u00f3 la importancia de su labor al ser estos profesionales el contacto m\u00e1s directo con los pacientes.<\/p>\n<\/blockquote>\n\n\n\n<p>El gobernador del Estado de M\u00e9xico, Alfredo del Mazo Maza, hizo un reconocimiento a enfermeras y enfermeros por el D\u00eda Internacional de la Enfermer\u00eda; ello fue durante un recorrido que realiz\u00f3 el viernes por el Centro Especializado de Atenci\u00f3n Primaria a la Salud (CEAPS), en el municipio de San Mart\u00edn de las Pir\u00e1mides.<br><\/p>\n\n\n\n<p>En dicho lugar, el mandatario se\u00f1al\u00f3 la importancia de su labor al ser estos profesionales el contacto m\u00e1s directo con los pacientes. Adem\u00e1s, subray\u00f3 la vocaci\u00f3n de servicio de los m\u00e1s de 36 mil profesionales de la enfermer\u00eda que hay en sistema de salud mexiquense.<br><\/p>\n\n\n\n<figure class=\"wp-block-image size-large\"><img fetchpriority=\"high\" decoding=\"async\" width=\"1024\" height=\"503\" src=\"https:\/\/elinformante.mx\/wp-content\/uploads\/2023\/05\/RECONOCE-3-1024x503.jpg\" alt=\"\" class=\"wp-image-26345\" srcset=\"https:\/\/elinformante.mx\/wp-content\/uploads\/2023\/05\/RECONOCE-3-1024x503.jpg 1024w, https:\/\/elinformante.mx\/wp-content\/uploads\/2023\/05\/RECONOCE-3-300x147.jpg 300w, https:\/\/elinformante.mx\/wp-content\/uploads\/2023\/05\/RECONOCE-3-768x377.jpg 768w, https:\/\/elinformante.mx\/wp-content\/uploads\/2023\/05\/RECONOCE-3-580x285.jpg 580w, https:\/\/elinformante.mx\/wp-content\/uploads\/2023\/05\/RECONOCE-3-860x422.jpg 860w, https:\/\/elinformante.mx\/wp-content\/uploads\/2023\/05\/RECONOCE-3.jpg 1140w\" sizes=\"(max-width: 1024px) 100vw, 1024px\" \/><\/figure>\n\n\n\n<p>El CEAPS de San Mart\u00edn de las Pir\u00e1mides, al igual que en los mil 221 Centros de este tipo que hay en la entidad, se atiende a casi el 70 por ciento de los padecimientos de la poblaci\u00f3n mexiquense, con personal calificado y con gran calidad humana.<br><\/p>\n\n\n\n<p>Del Mazo \u2014junto al secretario de Salud, la responsable de Enfermer\u00eda del Instituto de Salud estatal y el presidente municipal de este municipio\u2014 observ\u00f3 la atenci\u00f3n, los espacios y el equipamiento que tiene este CEAPS en servicios de medicina general, medicina preventiva, planificaci\u00f3n familiar, estomatolog\u00eda, psicolog\u00eda, nutrici\u00f3n, ginecolog\u00eda y servicio de laboratorio cl\u00ednico.<\/p>\n\n\n\n<figure class=\"wp-block-image size-large\"><img decoding=\"async\" width=\"1024\" height=\"503\" src=\"https:\/\/elinformante.mx\/wp-content\/uploads\/2023\/05\/RECONOCE2-1024x503.jpg\" alt=\"\" class=\"wp-image-26346\" srcset=\"https:\/\/elinformante.mx\/wp-content\/uploads\/2023\/05\/RECONOCE2-1024x503.jpg 1024w, https:\/\/elinformante.mx\/wp-content\/uploads\/2023\/05\/RECONOCE2-300x147.jpg 300w, https:\/\/elinformante.mx\/wp-content\/uploads\/2023\/05\/RECONOCE2-768x377.jpg 768w, https:\/\/elinformante.mx\/wp-content\/uploads\/2023\/05\/RECONOCE2-580x285.jpg 580w, https:\/\/elinformante.mx\/wp-content\/uploads\/2023\/05\/RECONOCE2-860x422.jpg 860w, https:\/\/elinformante.mx\/wp-content\/uploads\/2023\/05\/RECONOCE2.jpg 1140w\" sizes=\"(max-width: 1024px) 100vw, 1024px\" \/><\/figure>\n","protected":false},"excerpt":{"rendered":"<p>El mandatario destac\u00f3 la importancia de su labor al ser estos profesionales el contacto m\u00e1s directo con los pacientes. El gobernador del Estado de M\u00e9xico, Alfredo del Mazo Maza, hizo un reconocimiento a enfermeras y enfermeros por el D\u00eda Internacional de la Enfermer\u00eda; ello fue durante un recorrido que realiz\u00f3 el viernes por el Centro [&hellip;]<\/p>\n","protected":false},"author":1,"featured_media":26344,"comment_status":"closed","ping_status":"closed","sticky":false,"template":"","format":"standard","meta":{"footnotes":""},"categories":[30,36],"tags":[],"class_list":["post-26343","post","type-post","status-publish","format-standard","has-post-thumbnail","hentry","category-destacado","category-edomex"],"_links":{"self":[{"href":"https:\/\/elinformante.mx\/index.php?rest_route=\/wp\/v2\/posts\/26343","targetHints":{"allow":["GET"]}}],"collection":[{"href":"https:\/\/elinformante.mx\/index.php?rest_route=\/wp\/v2\/posts"}],"about":[{"href":"https:\/\/elinformante.mx\/index.php?rest_route=\/wp\/v2\/types\/post"}],"author":[{"embeddable":true,"href":"https:\/\/elinformante.mx\/index.php?rest_route=\/wp\/v2\/users\/1"}],"replies":[{"embeddable":true,"href":"https:\/\/elinformante.mx\/index.php?rest_route=%2Fwp%2Fv2%2Fcomments&post=26343"}],"version-history":[{"count":0,"href":"https:\/\/elinformante.mx\/index.php?rest_route=\/wp\/v2\/posts\/26343\/revisions"}],"wp:featuredmedia":[{"embeddable":true,"href":"https:\/\/elinformante.mx\/index.php?rest_route=\/wp\/v2\/media\/26344"}],"wp:attachment":[{"href":"https:\/\/elinformante.mx\/index.php?rest_route=%2Fwp%2Fv2%2Fmedia&parent=26343"}],"wp:term":[{"taxonomy":"category","embeddable":true,"href":"https:\/\/elinformante.mx\/index.php?rest_route=%2Fwp%2Fv2%2Fcategories&post=26343"},{"taxonomy":"post_tag","embeddable":true,"href":"https:\/\/elinformante.mx\/index.php?rest_route=%2Fwp%2Fv2%2Ftags&post=26343"}],"curies":[{"name":"wp","href":"https:\/\/api.w.org\/{rel}","templated":true}]}}