{"id":26349,"date":"2023-05-15T14:33:28","date_gmt":"2023-05-15T14:33:28","guid":{"rendered":"https:\/\/elinformante.mx\/?p=26349"},"modified":"2023-05-15T14:33:29","modified_gmt":"2023-05-15T14:33:29","slug":"poder-judicial-y-secretaria-de-seguridad-organizan-congreso-de-ciberseguridad","status":"publish","type":"post","link":"https:\/\/elinformante.mx\/?p=26349","title":{"rendered":"Poder Judicial y Secretar\u00eda de Seguridad organizan congreso de ciberseguridad"},"content":{"rendered":"\n<blockquote class=\"wp-block-quote is-layout-flow wp-block-quote-is-layout-flow\">\n<p>El foro se realizar\u00e1 del 23 al 25 de mayo y re\u00fane a 19 especialistas nacionales e internacionales.<\/p>\n<\/blockquote>\n\n\n\n<p>Analizar la importancia de la ciberseguridad en la sociedad civil, en instituciones de procuraci\u00f3n e impartici\u00f3n de justicia y en las involucradas con la seguridad p\u00fablica y generar propuestas para implementarlas en el estado de M\u00e9xico, son algunos de los objetivos del Foro Internacional \u201cCiberseguridad y Protecci\u00f3n de Datos Personales\u201d.<br><\/p>\n\n\n\n<p>Transformaci\u00f3n digital y riesgos inherentes de la tecnolog\u00eda, \u00bfC\u00f3mo accionar y prevenir en un mundo digital?, ciberdelincuencia, violencia digital y protecci\u00f3n de datos personales, perfiles profesionales para la prevenci\u00f3n, procuraci\u00f3n e impartici\u00f3n de justicia para el combate a la ciberdelincuencia, son algunos de los temas.<br><\/p>\n\n\n\n<p>El foro se realizar\u00e1 del 23 al 25 de mayo y re\u00fane a 19 especialistas nacionales e internacionales, quienes participar\u00e1n en seis conferencias y tres paneles para intercambiar ideas, conocimientos y experiencias, e impulsar una cultura de prevenci\u00f3n y respuesta ante el avance y desarrollo tecnol\u00f3gico.<br><\/p>\n\n\n\n<p>El foro es organizado por el Poder Judicial del Estado de M\u00e9xico, la Secretar\u00eda de Seguridad de la entidad, a trav\u00e9s de la Universidad Mexiquense de Seguridad UMS, el Instituto de Transparencia, Acceso a la Informaci\u00f3n P\u00fablica y Protecci\u00f3n de Datos Personales del estado Infoem y la Sociedad Mexicana de Ciencias del Comportamiento SOMECIC.<br><\/p>\n\n\n\n<p>Algunos de los especialistas que participar\u00e1n son Amaury Fierro Gonz\u00e1lez, Mtro. en Inteligencia y Seguridad por el Kings College London; Eduardo Garc\u00eda V\u00edquez, Doctor y Master en Derecho por la Universidad de Sevilla; Antonio Unzueta Floranes, Presidente de la Sociedad Mexicana de Ciencias del Comportamiento y Perito en Psicolog\u00eda; y Asunci\u00f3n \u00c1lvarez Alvarado, Jefa de la Polic\u00eda Cibern\u00e9tica de la Secretar\u00eda de Seguridad del Edomex.<br><\/p>\n\n\n\n<p>Gustavo Parra Noriega, Comisionado del Infoem; Daniela Hern\u00e1ndez Mar\u00edn, Vicepresidenta de Ciberseguridad en Amexicom; Griselda Camacho T\u00e9llez, Rectora de la UMS; Magdalena Alcocer Vega, Profesora y Coordinadora del Programa de Inteligencia Estrat\u00e9gica de la Universidad An\u00e1huac; y Josefina Rom\u00e1n Vergara, Comisionada del Instituto Nacional de Transparencia, Acceso a la Informaci\u00f3n P\u00fablica y Protecci\u00f3n de Datos Personales.<br><\/p>\n\n\n\n<p>Para mayor informaci\u00f3n y registro entrar a www.pjedomex.gob.mx.<\/p>\n","protected":false},"excerpt":{"rendered":"<p>El foro se realizar\u00e1 del 23 al 25 de mayo y re\u00fane a 19 especialistas nacionales e internacionales. Analizar la importancia de la ciberseguridad en la sociedad civil, en instituciones de procuraci\u00f3n e impartici\u00f3n de justicia y en las involucradas con la seguridad p\u00fablica y generar propuestas para implementarlas en el estado de M\u00e9xico, son [&hellip;]<\/p>\n","protected":false},"author":1,"featured_media":26350,"comment_status":"closed","ping_status":"closed","sticky":false,"template":"","format":"standard","meta":{"footnotes":""},"categories":[30,36],"tags":[],"class_list":["post-26349","post","type-post","status-publish","format-standard","has-post-thumbnail","hentry","category-destacado","category-edomex"],"_links":{"self":[{"href":"https:\/\/elinformante.mx\/index.php?rest_route=\/wp\/v2\/posts\/26349","targetHints":{"allow":["GET"]}}],"collection":[{"href":"https:\/\/elinformante.mx\/index.php?rest_route=\/wp\/v2\/posts"}],"about":[{"href":"https:\/\/elinformante.mx\/index.php?rest_route=\/wp\/v2\/types\/post"}],"author":[{"embeddable":true,"href":"https:\/\/elinformante.mx\/index.php?rest_route=\/wp\/v2\/users\/1"}],"replies":[{"embeddable":true,"href":"https:\/\/elinformante.mx\/index.php?rest_route=%2Fwp%2Fv2%2Fcomments&post=26349"}],"version-history":[{"count":0,"href":"https:\/\/elinformante.mx\/index.php?rest_route=\/wp\/v2\/posts\/26349\/revisions"}],"wp:featuredmedia":[{"embeddable":true,"href":"https:\/\/elinformante.mx\/index.php?rest_route=\/wp\/v2\/media\/26350"}],"wp:attachment":[{"href":"https:\/\/elinformante.mx\/index.php?rest_route=%2Fwp%2Fv2%2Fmedia&parent=26349"}],"wp:term":[{"taxonomy":"category","embeddable":true,"href":"https:\/\/elinformante.mx\/index.php?rest_route=%2Fwp%2Fv2%2Fcategories&post=26349"},{"taxonomy":"post_tag","embeddable":true,"href":"https:\/\/elinformante.mx\/index.php?rest_route=%2Fwp%2Fv2%2Ftags&post=26349"}],"curies":[{"name":"wp","href":"https:\/\/api.w.org\/{rel}","templated":true}]}}