{"id":26352,"date":"2023-05-15T14:34:40","date_gmt":"2023-05-15T14:34:40","guid":{"rendered":"https:\/\/elinformante.mx\/?p=26352"},"modified":"2023-05-15T14:34:41","modified_gmt":"2023-05-15T14:34:41","slug":"feyenoord-y-santiago-gimenez-son-campeones-en-paises-bajos","status":"publish","type":"post","link":"https:\/\/elinformante.mx\/?p=26352","title":{"rendered":"\u00a1Feyenoord y Santiago Gim\u00e9nez son campeones en Pa\u00edses Bajos!"},"content":{"rendered":"\n<blockquote class=\"wp-block-quote is-layout-flow wp-block-quote-is-layout-flow\">\n<p>El Feyenoord se impuso por 3-0 sobre el Go Ahead Eagles, con gol de Santiago Gim\u00e9nez incluido, y se alz\u00f3 como campe\u00f3n de la Eredivisie.<\/p>\n<\/blockquote>\n\n\n\n<p>El conjunto del Feyenoord de R\u00f3terdam se impuso de manera contundente por 3-0 sobre el Go Ahead Eagles, con gol del mexicano Santiago Gim\u00e9nez incluido, en la jornada 32 de la Eredivisie, para proclamarse as\u00ed como el campe\u00f3n de Primera Divisi\u00f3n en Pa\u00edses Bajos por decimosexta ocasi\u00f3n en su historia.<br><\/p>\n\n\n\n<p>La fiesta en el Estadio De Kuip comenz\u00f3 a los 15 minutos de juego, cuando Oussama Idrissi se encarg\u00f3 de abrir el marcador tras la asistencia de Mats Weiffer, poniendo a so\u00f1ar a los aficionados que se dieron cita en el inmueble de R\u00f3terdam.<br><\/p>\n\n\n\n<p>El t\u00edtulo se ver\u00eda a\u00fan m\u00e1s cerca para el Feyenoord, despu\u00e9s de que el mexicano Santiago Gim\u00e9nez convirtiera su gol n\u00famero 23 de la temporada y firmara el 2-0 en el duelo tras definir de primera intenci\u00f3n dentro del \u00e1rea luego de una gran asistencia del brasile\u00f1o Igor Paixao a los 18 minutos de partido.<br><\/p>\n\n\n\n<figure class=\"wp-block-image size-large\"><img fetchpriority=\"high\" decoding=\"async\" width=\"1024\" height=\"503\" src=\"https:\/\/elinformante.mx\/wp-content\/uploads\/2023\/05\/Feyenoord-2-1024x503.jpg\" alt=\"\" class=\"wp-image-26354\" srcset=\"https:\/\/elinformante.mx\/wp-content\/uploads\/2023\/05\/Feyenoord-2-1024x503.jpg 1024w, https:\/\/elinformante.mx\/wp-content\/uploads\/2023\/05\/Feyenoord-2-300x147.jpg 300w, https:\/\/elinformante.mx\/wp-content\/uploads\/2023\/05\/Feyenoord-2-768x377.jpg 768w, https:\/\/elinformante.mx\/wp-content\/uploads\/2023\/05\/Feyenoord-2-580x285.jpg 580w, https:\/\/elinformante.mx\/wp-content\/uploads\/2023\/05\/Feyenoord-2-860x422.jpg 860w, https:\/\/elinformante.mx\/wp-content\/uploads\/2023\/05\/Feyenoord-2.jpg 1140w\" sizes=\"(max-width: 1024px) 100vw, 1024px\" \/><\/figure>\n\n\n\n<p>Ya en la parte complementaria, el conjunto local dictar\u00eda sentencia con 54 minutos en el reloj y tras una nueva asistencia de Mats Weiffer, para que ahora fuera el brasile\u00f1o Igor Paixao quien no perdonara frente al arco visitante, colocando el 3-0 definitivo y encaminando as\u00ed el campeonato del Feyenoord en la liga de Pa\u00edses Bajos.<br><\/p>\n\n\n\n<p>Con este resultado, el Feyenoord de R\u00f3terdam lleg\u00f3 a 79 puntos, logrando una diferencia inalcanzable para su m\u00e1s cercano perseguidor, el PSV Eindhoven, que suma 68 unidades con un partido pendiente, pero a falta de dos jornadas para el final el nuevo monarca del futbol neerland\u00e9s qued\u00f3 definido este domingo.<br><\/p>\n\n\n\n<p>Esto se traduce en el t\u00edtulo de liga n\u00famero 16 para el Feyenoord, contando todos sus campeonatos de Primera Divisi\u00f3n, desde antes de que obtuviera el nombre de Eredivisie en Pa\u00edses Bajos, adem\u00e1s para Santiago Gim\u00e9nez es la segunda corona en un campeonato liguero de su carrera, tras la obtenida con Cruz Azul en el torneo Guard1anes 2021 de la Liga MX.<\/p>\n","protected":false},"excerpt":{"rendered":"<p>El Feyenoord se impuso por 3-0 sobre el Go Ahead Eagles, con gol de Santiago Gim\u00e9nez incluido, y se alz\u00f3 como campe\u00f3n de la Eredivisie. El conjunto del Feyenoord de R\u00f3terdam se impuso de manera contundente por 3-0 sobre el Go Ahead Eagles, con gol del mexicano Santiago Gim\u00e9nez incluido, en la jornada 32 de [&hellip;]<\/p>\n","protected":false},"author":1,"featured_media":26353,"comment_status":"closed","ping_status":"closed","sticky":false,"template":"","format":"standard","meta":{"footnotes":""},"categories":[38],"tags":[],"class_list":["post-26352","post","type-post","status-publish","format-standard","has-post-thumbnail","hentry","category-deportes"],"_links":{"self":[{"href":"https:\/\/elinformante.mx\/index.php?rest_route=\/wp\/v2\/posts\/26352","targetHints":{"allow":["GET"]}}],"collection":[{"href":"https:\/\/elinformante.mx\/index.php?rest_route=\/wp\/v2\/posts"}],"about":[{"href":"https:\/\/elinformante.mx\/index.php?rest_route=\/wp\/v2\/types\/post"}],"author":[{"embeddable":true,"href":"https:\/\/elinformante.mx\/index.php?rest_route=\/wp\/v2\/users\/1"}],"replies":[{"embeddable":true,"href":"https:\/\/elinformante.mx\/index.php?rest_route=%2Fwp%2Fv2%2Fcomments&post=26352"}],"version-history":[{"count":0,"href":"https:\/\/elinformante.mx\/index.php?rest_route=\/wp\/v2\/posts\/26352\/revisions"}],"wp:featuredmedia":[{"embeddable":true,"href":"https:\/\/elinformante.mx\/index.php?rest_route=\/wp\/v2\/media\/26353"}],"wp:attachment":[{"href":"https:\/\/elinformante.mx\/index.php?rest_route=%2Fwp%2Fv2%2Fmedia&parent=26352"}],"wp:term":[{"taxonomy":"category","embeddable":true,"href":"https:\/\/elinformante.mx\/index.php?rest_route=%2Fwp%2Fv2%2Fcategories&post=26352"},{"taxonomy":"post_tag","embeddable":true,"href":"https:\/\/elinformante.mx\/index.php?rest_route=%2Fwp%2Fv2%2Ftags&post=26352"}],"curies":[{"name":"wp","href":"https:\/\/api.w.org\/{rel}","templated":true}]}}