{"id":26360,"date":"2023-05-15T14:40:28","date_gmt":"2023-05-15T14:40:28","guid":{"rendered":"https:\/\/elinformante.mx\/?p=26360"},"modified":"2023-05-15T14:40:29","modified_gmt":"2023-05-15T14:40:29","slug":"eleva-personal-docente-prestigio-de-la-uaemex","status":"publish","type":"post","link":"https:\/\/elinformante.mx\/?p=26360","title":{"rendered":"Eleva personal docente prestigio de la UAEM\u00e9x"},"content":{"rendered":"\n<blockquote class=\"wp-block-quote is-layout-flow wp-block-quote-is-layout-flow\">\n<p>El rector de la UAEM\u00e9x, Carlos Eduardo Barrera D\u00edaz y la secretaria general de la FAAPAUEM, Gilda Gonz\u00e1lez Villase\u00f1or reconocieron y convivieron, en el marco del D\u00eda del Maestro, con personal acad\u00e9mico sindicalizado.<\/p>\n<\/blockquote>\n\n\n\n<p>Por su calidad laboral, su disposici\u00f3n para compartir sus saberes y por dominar su campo de conocimiento, la comunidad docente de la Universidad Aut\u00f3noma del Estado de M\u00e9xico (UAEM\u00e9x) eleva el prestigio de esta casa de estudios, afirm\u00f3 el rector Carlos Eduardo Barrera D\u00edaz.<br><\/p>\n\n\n\n<p>Barrera D\u00edaz refiri\u00f3 que la calidad de la comunidad docente de la UAEM\u00e9x ha contribuido para que 148 programas educativos est\u00e9n reconocidos a nivel nacional y la Aut\u00f3noma mexiquense se posicione como una de las mejores universidades estatales del pa\u00eds seg\u00fan distintos rankings.<br><\/p>\n\n\n\n<p>En compa\u00f1\u00eda de la secretaria general de la Federaci\u00f3n de Asociaciones Aut\u00f3nomas de Personal Acad\u00e9mico de la UAEM\u00e9x (FAAPAUAEM), Gilda Gonz\u00e1lez Villase\u00f1or, Barrera D\u00edaz convivi\u00f3 y reconoci\u00f3 a los docentes sindicalizados en el marco del D\u00eda de la Maestra y el Maestro.<br><\/p>\n\n\n\n<p>\u201cEnse\u00f1ar presupone una generosa capacidad para compartir lo que se sabe, una sincera disposici\u00f3n para escuchar nuestros alumnos y una enorme disciplina para cumplir los programas de estudio, sin menoscabar la claridad y paciencia que debemos prodigar para que la simiente del aprendizaje se complete en nuevos frutos\u201d, expres\u00f3 Barrera D\u00edaz.<br><\/p>\n\n\n\n<figure class=\"wp-block-image size-large\"><img fetchpriority=\"high\" decoding=\"async\" width=\"1024\" height=\"503\" src=\"https:\/\/elinformante.mx\/wp-content\/uploads\/2023\/05\/ELEVA-2-1024x503.jpg\" alt=\"\" class=\"wp-image-26362\" srcset=\"https:\/\/elinformante.mx\/wp-content\/uploads\/2023\/05\/ELEVA-2-1024x503.jpg 1024w, https:\/\/elinformante.mx\/wp-content\/uploads\/2023\/05\/ELEVA-2-300x147.jpg 300w, https:\/\/elinformante.mx\/wp-content\/uploads\/2023\/05\/ELEVA-2-768x377.jpg 768w, https:\/\/elinformante.mx\/wp-content\/uploads\/2023\/05\/ELEVA-2-580x285.jpg 580w, https:\/\/elinformante.mx\/wp-content\/uploads\/2023\/05\/ELEVA-2-860x422.jpg 860w, https:\/\/elinformante.mx\/wp-content\/uploads\/2023\/05\/ELEVA-2.jpg 1140w\" sizes=\"(max-width: 1024px) 100vw, 1024px\" \/><\/figure>\n\n\n\n<p>El rector record\u00f3 que como parte de los apoyos a los docentes est\u00e1n las 107 laptops otorgadas a 61 mujeres y 46 hombres, entre profesores de tiempo completo, medio tiempo, t\u00e9cnicos acad\u00e9micos y profesores de asignatura, resultado de la convocatoria 2022.<br><\/p>\n\n\n\n<p>En tanto, la secretaria general de la FAAPAUAEM, Gilda Gonz\u00e1lez Villase\u00f1or destac\u00f3 la labor del personal docente que a diario se entrega por elevar la calidad de la educaci\u00f3n en la casa de los cien arcos.<br><\/p>\n\n\n\n<p>\u201cJuntas y juntos trabajamos y nos entregamos en alma, coraz\u00f3n y vida con el objetivo planteado por usted al inicio de su gesti\u00f3n, elevar la calidad en la educaci\u00f3n para nuestros estudiantes, fortalecer nuestra Universidad, potencializando el conocimiento, el bienestar y su mejora financiera\u201d, subray\u00f3.<br><\/p>\n\n\n\n<p>Al acto acudieron el consejo directivo de la FAAPAUAEM, el secretario general del Sindicato \u00danico de Trabajadores y Empleados al Servicio de la UAEM\u00e9x (SUTESUAEM), Pedro Rodr\u00edguez Magallanes; integrantes del gabinete universitario y personal docente sindicalizado.<\/p>\n","protected":false},"excerpt":{"rendered":"<p>El rector de la UAEM\u00e9x, Carlos Eduardo Barrera D\u00edaz y la secretaria general de la FAAPAUEM, Gilda Gonz\u00e1lez Villase\u00f1or reconocieron y convivieron, en el marco del D\u00eda del Maestro, con personal acad\u00e9mico sindicalizado. Por su calidad laboral, su disposici\u00f3n para compartir sus saberes y por dominar su campo de conocimiento, la comunidad docente de la [&hellip;]<\/p>\n","protected":false},"author":1,"featured_media":26361,"comment_status":"closed","ping_status":"closed","sticky":false,"template":"","format":"standard","meta":{"footnotes":""},"categories":[30,36],"tags":[],"class_list":["post-26360","post","type-post","status-publish","format-standard","has-post-thumbnail","hentry","category-destacado","category-edomex"],"_links":{"self":[{"href":"https:\/\/elinformante.mx\/index.php?rest_route=\/wp\/v2\/posts\/26360","targetHints":{"allow":["GET"]}}],"collection":[{"href":"https:\/\/elinformante.mx\/index.php?rest_route=\/wp\/v2\/posts"}],"about":[{"href":"https:\/\/elinformante.mx\/index.php?rest_route=\/wp\/v2\/types\/post"}],"author":[{"embeddable":true,"href":"https:\/\/elinformante.mx\/index.php?rest_route=\/wp\/v2\/users\/1"}],"replies":[{"embeddable":true,"href":"https:\/\/elinformante.mx\/index.php?rest_route=%2Fwp%2Fv2%2Fcomments&post=26360"}],"version-history":[{"count":0,"href":"https:\/\/elinformante.mx\/index.php?rest_route=\/wp\/v2\/posts\/26360\/revisions"}],"wp:featuredmedia":[{"embeddable":true,"href":"https:\/\/elinformante.mx\/index.php?rest_route=\/wp\/v2\/media\/26361"}],"wp:attachment":[{"href":"https:\/\/elinformante.mx\/index.php?rest_route=%2Fwp%2Fv2%2Fmedia&parent=26360"}],"wp:term":[{"taxonomy":"category","embeddable":true,"href":"https:\/\/elinformante.mx\/index.php?rest_route=%2Fwp%2Fv2%2Fcategories&post=26360"},{"taxonomy":"post_tag","embeddable":true,"href":"https:\/\/elinformante.mx\/index.php?rest_route=%2Fwp%2Fv2%2Ftags&post=26360"}],"curies":[{"name":"wp","href":"https:\/\/api.w.org\/{rel}","templated":true}]}}