{"id":26384,"date":"2023-05-15T15:13:50","date_gmt":"2023-05-15T15:13:50","guid":{"rendered":"https:\/\/elinformante.mx\/?p=26384"},"modified":"2023-05-15T15:13:52","modified_gmt":"2023-05-15T15:13:52","slug":"recibe-centro-cultural-mexiquense-bicentenario-al-festival-de-arte-urbano-2023","status":"publish","type":"post","link":"https:\/\/elinformante.mx\/?p=26384","title":{"rendered":"Recibe Centro Cultural Mexiquense Bicentenario al festival de Arte Urbano 2023"},"content":{"rendered":"\n<blockquote class=\"wp-block-quote is-layout-flow wp-block-quote-is-layout-flow\">\n<p>Realizan este encuentro del 19 al 21 de mayo, con m\u00e1s de 30 actividades que incluyen m\u00fasica, danza, lucha libre, graffiti, bazar urbano y talleres, entre otras.&nbsp;<\/p>\n<\/blockquote>\n\n\n\n<p>Del 19 al 21 de mayo se llevar\u00e1 a cabo el Festival de Arte Urbano (FAU) 2023, uno de los eventos m\u00e1s importantes del Estado de M\u00e9xico, donde las y los mexiquenses disfrutar\u00e1n de m\u00fasica, danza, lucha libre profesional, graffiti, breaking, patinaje urbano, bazar urbano, talleres, exposiciones y mucho m\u00e1s.\u00a0<br><\/p>\n\n\n\n<p>En su tercera edici\u00f3n, el FAU ha sido un escaparate para las diversas expresiones art\u00edsticas urbanas y ha permitido ser catapulta para nuevos talentos, adem\u00e1s de presentar un elenco con reconocimiento a nivel internacional.\u00a0<br><\/p>\n\n\n\n<p>Durante esta edici\u00f3n, se llevar\u00e1n a cabo venta y exhibici\u00f3n de art\u00edculos en el bazar urbano, la exposici\u00f3n \u201cMemorabilia de la lucha libre. De 2 a 3 ca\u00eddas\u201d, food trucks, talleres sobre lucha libre y el arte urbano en el Museo.\u00a0<br><\/p>\n\n\n\n<p>Las actividades art\u00edsticas inician el 19 de mayo a las 11:00 horas en la Biblioteca con el libro \u00abPo\u00e9tica de la Calle\u00bb, de Obed Gonz\u00e1lez Moreno, una obra basada en la cultura marginal del oriente metropolitano dentro del rock y el cine mexicanos de 1985 a 1992; a las 12:00 horas proyectar\u00e1n la pel\u00edcula \u201cUsers\u201d, en el Auditorio \u201cDr. Miguel Le\u00f3n Portilla\u201d. \u00a0<br><\/p>\n\n\n\n<p>A las 16:00 horas, el concierto en la Sala de Conciertos \u201cElisa Carrillo\u201d, con \u201cC\u00e9sar L\u00f3pez y Big Band Femenil\u00bb, y como concierto estelar, a las 19:00 horas en el Teatro al Aire Libre, el rapero y freestyler mexiquense Aczino, reconocido por ganar tres campeonatos internacionales de Red Bull Batalla.\u00a0<br><\/p>\n\n\n\n<p>El s\u00e1bado 20 de mayo, a las 11:00 horas la pel\u00edcula \u201cRimini\u201d y a las 12:30 horas \u201cUn M\u00e9xico Perro. El H\u00e9roe Verdadero\u201d, en el Auditorio \u201cDr. Miguel Le\u00f3n Portilla\u201d; un torneo y exhibici\u00f3n de Cubo Rubik a partir de las 12:00 horas.\u00a0<br><\/p>\n\n\n\n<p>A las 16:00 horas \u201cSonideros y huapangueros\u201d, de la Compa\u00f1\u00eda Mexiquense de Danzas Regionales, y a las 17:00 horas el espect\u00e1culo de freestyle y rap urbano con Internacional, Arianna Puello, la Agrupaci\u00f3n Sociedad Caf\u00e9 y Colectivo Spin Masters de Breaking, en el Teatro al Aire Libre.\u00a0<br><\/p>\n\n\n\n<p>A las 19:30 horas \u201cGrandes Himnos del Rock\u201d, un concierto que re\u00fane agrandes leyendas del rock nacional Alejandro Marcovich, Sergio Arau, Kass, Cala, Abul\u00f3n, Mayumi Toyoda, Rosa Adame y Poncho Figueroa, en Teatro al Aire Libre. \u00a0<br><\/p>\n\n\n\n<p>El 21 de mayo cierran las actividades con roll star y patinaje a partir de las 9:00 horas, y uno de los eventos estelares con lucha libre profesional \u201cLeyendas del Ring\u201d donde recibir\u00e1n a luchadores como Tinieblas Jr, Alushe, Pirata Morgan, Satania, Alas de Plata y Reina Dorada, entre otros m\u00e1s, a las 12:30 horas en la explanada de la Sala de Conciertos \u201cElisa Carrillo\u201d.\u00a0<br><\/p>\n\n\n\n<p>A las 14:00 horas la obra de teatro \u201cEcco\u201d, en el Auditorio \u201cDr. Miguel Le\u00f3n Portilla\u201d, a las 16:00 horas danza con \u00c1rbol de Ginkgo, en la Sala de Conciertos \u201cElisa Carrillo\u201d, para terminar con el concierto estelar que protagonizan dos de las agrupaciones con m\u00e1s historia en la m\u00fasica popular \u201cLa Vecindad Santanera\u201d, con La Maldita Vecindad y La Sonora Santanera, en el Teatro al Aire Libre, a las 19:30 horas.\u00a0<br><\/p>\n\n\n\n<p>Aunado a ello, estar\u00e1n presentes los ganadores de las convocatorias \u201cRastros Sonoros: Batalla de Bandas\u201d, el grupo CADENCEBOX y del \u201cMural y graffiti: El arte de las calles\u201d, comenzar\u00e1 a crearse el mural del ganador del primer\u00a0 lugar \u201cLas tres nuevas Fridas\u201d, de \u00d3scar Montalvo Carrasco.\u00a0<br><\/p>\n\n\n\n<p>Para consultar la programaci\u00f3n pueden dirigirse a las redes sociales de la Secretar\u00eda de Cultura y Turismo del Estado de M\u00e9xico como @CulturaEdomex o en\u00a0cultura.edomex.gob.mx.<br><\/p>\n\n\n\n<p>El Centro Cultural Mexiquense Bicentenario se encuentra en la Carretera Federal Los Reyes-Texcoco Km 14.3, esquina General Manuel Gonz\u00e1lez, San Miguel Coatlinch\u00e1n, Texcoco, Estado de M\u00e9xico.<\/p>\n","protected":false},"excerpt":{"rendered":"<p>Realizan este encuentro del 19 al 21 de mayo, con m\u00e1s de 30 actividades que incluyen m\u00fasica, danza, lucha libre, graffiti, bazar urbano y talleres, entre otras.&nbsp; Del 19 al 21 de mayo se llevar\u00e1 a cabo el Festival de Arte Urbano (FAU) 2023, uno de los eventos m\u00e1s importantes del Estado de M\u00e9xico, donde [&hellip;]<\/p>\n","protected":false},"author":1,"featured_media":26385,"comment_status":"closed","ping_status":"closed","sticky":false,"template":"","format":"standard","meta":{"footnotes":""},"categories":[30,36],"tags":[],"class_list":["post-26384","post","type-post","status-publish","format-standard","has-post-thumbnail","hentry","category-destacado","category-edomex"],"_links":{"self":[{"href":"https:\/\/elinformante.mx\/index.php?rest_route=\/wp\/v2\/posts\/26384","targetHints":{"allow":["GET"]}}],"collection":[{"href":"https:\/\/elinformante.mx\/index.php?rest_route=\/wp\/v2\/posts"}],"about":[{"href":"https:\/\/elinformante.mx\/index.php?rest_route=\/wp\/v2\/types\/post"}],"author":[{"embeddable":true,"href":"https:\/\/elinformante.mx\/index.php?rest_route=\/wp\/v2\/users\/1"}],"replies":[{"embeddable":true,"href":"https:\/\/elinformante.mx\/index.php?rest_route=%2Fwp%2Fv2%2Fcomments&post=26384"}],"version-history":[{"count":0,"href":"https:\/\/elinformante.mx\/index.php?rest_route=\/wp\/v2\/posts\/26384\/revisions"}],"wp:featuredmedia":[{"embeddable":true,"href":"https:\/\/elinformante.mx\/index.php?rest_route=\/wp\/v2\/media\/26385"}],"wp:attachment":[{"href":"https:\/\/elinformante.mx\/index.php?rest_route=%2Fwp%2Fv2%2Fmedia&parent=26384"}],"wp:term":[{"taxonomy":"category","embeddable":true,"href":"https:\/\/elinformante.mx\/index.php?rest_route=%2Fwp%2Fv2%2Fcategories&post=26384"},{"taxonomy":"post_tag","embeddable":true,"href":"https:\/\/elinformante.mx\/index.php?rest_route=%2Fwp%2Fv2%2Ftags&post=26384"}],"curies":[{"name":"wp","href":"https:\/\/api.w.org\/{rel}","templated":true}]}}