{"id":26387,"date":"2023-05-15T15:15:18","date_gmt":"2023-05-15T15:15:18","guid":{"rendered":"https:\/\/elinformante.mx\/?p=26387"},"modified":"2023-05-15T15:15:19","modified_gmt":"2023-05-15T15:15:19","slug":"se-tiene-gasto-de-inversion-historico-en-guerrero","status":"publish","type":"post","link":"https:\/\/elinformante.mx\/?p=26387","title":{"rendered":"Se tiene gasto de inversi\u00f3n hist\u00f3rico en Guerrero"},"content":{"rendered":"\n<blockquote class=\"wp-block-quote is-layout-flow wp-block-quote-is-layout-flow\">\n<p>Un total de 7 mil 109 millones de pesos est\u00e1n destinando en todos los programas de obras y de servicios p\u00fablicos.<\/p>\n<\/blockquote>\n\n\n\n<p>El secretario de Planeaci\u00f3n y Desarrollo Regional del Estado Ren\u00e9 Vargas Pineda, afirm\u00f3 que en Guerrero por primera vez se ejerce un gasto de inversi\u00f3n hist\u00f3rico en comparaci\u00f3n a a\u00f1os anteriores.<br><\/p>\n\n\n\n<p>Se\u00f1al\u00f3 que es un total de 7 mil 109 millones de pesos los que se est\u00e1n destinando en todos los programas de obras y de servicios p\u00fablicos para todo el estado.<br><\/p>\n\n\n\n<p>\u201cYa se est\u00e1 ejerciendo el gasto de inversi\u00f3n de este a\u00f1o, y por primera vez se establecieron reglas de operaci\u00f3n, son un total de 61 reglas que desde el pasado mes de febrero, se le entregaron a la gobernadora Evelyn Salgado Pineda, para su conocimiento, hoy hay reglas de operaci\u00f3n que se tienen que cumplir para ejercer los recursos en todos los programas\u201d, expres\u00f3.<br><\/p>\n\n\n\n<p>Vargas Pineda, dijo que una de las prioridades, es que se tenga una planeaci\u00f3n correcta en cada uno de los programas sociales y en la obra que se desarrolle con las reglas establecidas.<br><\/p>\n\n\n\n<p>El funcionario manifest\u00f3 que desde el pasado mes de diciembre, se empez\u00f3 a trabajar en toda la planeaci\u00f3n, por lo que cada programa y obra p\u00fablica, est\u00e1n dentro del sistema y conocimiento de cada autoridad y de la propia gobernadora de estado.<br><\/p>\n\n\n\n<p>Indic\u00f3 que si en un proyecto de obra de todos los rubros y programa social no se tienen las reglas de operaci\u00f3n establecidas, no se puede ejercer ning\u00fan presupuesto.<\/p>\n","protected":false},"excerpt":{"rendered":"<p>Un total de 7 mil 109 millones de pesos est\u00e1n destinando en todos los programas de obras y de servicios p\u00fablicos. El secretario de Planeaci\u00f3n y Desarrollo Regional del Estado Ren\u00e9 Vargas Pineda, afirm\u00f3 que en Guerrero por primera vez se ejerce un gasto de inversi\u00f3n hist\u00f3rico en comparaci\u00f3n a a\u00f1os anteriores. Se\u00f1al\u00f3 que es [&hellip;]<\/p>\n","protected":false},"author":1,"featured_media":26388,"comment_status":"closed","ping_status":"closed","sticky":false,"template":"","format":"standard","meta":{"footnotes":""},"categories":[30,34],"tags":[],"class_list":["post-26387","post","type-post","status-publish","format-standard","has-post-thumbnail","hentry","category-destacado","category-nacional"],"_links":{"self":[{"href":"https:\/\/elinformante.mx\/index.php?rest_route=\/wp\/v2\/posts\/26387","targetHints":{"allow":["GET"]}}],"collection":[{"href":"https:\/\/elinformante.mx\/index.php?rest_route=\/wp\/v2\/posts"}],"about":[{"href":"https:\/\/elinformante.mx\/index.php?rest_route=\/wp\/v2\/types\/post"}],"author":[{"embeddable":true,"href":"https:\/\/elinformante.mx\/index.php?rest_route=\/wp\/v2\/users\/1"}],"replies":[{"embeddable":true,"href":"https:\/\/elinformante.mx\/index.php?rest_route=%2Fwp%2Fv2%2Fcomments&post=26387"}],"version-history":[{"count":0,"href":"https:\/\/elinformante.mx\/index.php?rest_route=\/wp\/v2\/posts\/26387\/revisions"}],"wp:featuredmedia":[{"embeddable":true,"href":"https:\/\/elinformante.mx\/index.php?rest_route=\/wp\/v2\/media\/26388"}],"wp:attachment":[{"href":"https:\/\/elinformante.mx\/index.php?rest_route=%2Fwp%2Fv2%2Fmedia&parent=26387"}],"wp:term":[{"taxonomy":"category","embeddable":true,"href":"https:\/\/elinformante.mx\/index.php?rest_route=%2Fwp%2Fv2%2Fcategories&post=26387"},{"taxonomy":"post_tag","embeddable":true,"href":"https:\/\/elinformante.mx\/index.php?rest_route=%2Fwp%2Fv2%2Ftags&post=26387"}],"curies":[{"name":"wp","href":"https:\/\/api.w.org\/{rel}","templated":true}]}}