{"id":26390,"date":"2023-05-15T15:26:01","date_gmt":"2023-05-15T15:26:01","guid":{"rendered":"https:\/\/elinformante.mx\/?p=26390"},"modified":"2023-05-15T15:26:02","modified_gmt":"2023-05-15T15:26:02","slug":"sentencian-a-70-anos-de-prision-a-dos-sujetos-por-secuestro-expres","status":"publish","type":"post","link":"https:\/\/elinformante.mx\/?p=26390","title":{"rendered":"Sentencian a 70 a\u00f1os de prisi\u00f3n a dos sujetos por secuestro expr\u00e9s"},"content":{"rendered":"\n<blockquote class=\"wp-block-quote is-layout-flow wp-block-quote-is-layout-flow\">\n<p>Los sentenciados privaron de la libertad a un hombre con la finalidad de despojarlo de un veh\u00edculo con cargamento de hidrocarburo que conduc\u00eda.<\/p>\n<\/blockquote>\n\n\n\n<p>La Fiscal\u00eda General de Justicia estatal (FGJEM) obtuvo sentencia condenatoria de 70 a\u00f1os de prisi\u00f3n contra Hassan Joce Acevedo Vel\u00e1zquez y Andr\u00e9s L\u00f3pez Rodr\u00edguez, tras acreditar su participaci\u00f3n en el il\u00edcito de secuestro expr\u00e9s con fines de robo, el cual fue cometido en febrero del a\u00f1o pasado en el municipio de Jaltenco.<br><\/p>\n\n\n\n<p>Despu\u00e9s de revisar las pruebas recabadas, aportadas y expuestas por el Agente del Ministerio P\u00fablico, el \u00d3rgano Jurisdiccional dict\u00f3 esta condena para ambos acusados, adem\u00e1s les fij\u00f3 multa de 577 mil 320 pesos y la cantidad de 96 mil 220 pesos como reparaci\u00f3n del da\u00f1o moral.<br><\/p>\n\n\n\n<p>El delito por el cual fueron sentenciados, lo perpetraron el 8 de febrero de 2022 en la vialidad Circuito Exterior Mexiquense, colonia San Mart\u00edn del municipio de Jaltenco, donde estos dos sujetos interceptaron al conductor de un veh\u00edculo de carga, marca International, donde era transportado hidrocarburo.<br><\/p>\n\n\n\n<p>Los implicados amagaron con un arma de fuego a la v\u00edctima y la subieron por la fuerza a un veh\u00edculo Nissan, en el cual lo mantuvieron privado de la libertad por algunos minutos con la finalidad de despojarlo de dicha unidad automotora con la carga de hidrocarburo.<br><\/p>\n\n\n\n<p>Posteriormente elementos policiacos de la Secretar\u00eda de Seguridad estatal (SS) realizaron un operativo en la zona que deriv\u00f3 en la detenci\u00f3n de los dos implicados.<br><\/p>\n\n\n\n<p>Hassan Joce Acevedo Vel\u00e1zquez y Andr\u00e9s L\u00f3pez Rodr\u00edguez fueron presentados ante el Agente del Ministerio P\u00fablico, quien inici\u00f3 la indagatoria por secuestro expr\u00e9s con la finalidad de cometer el delito de robo y despu\u00e9s los puso a disposici\u00f3n de la Autoridad Judicial en el Centro Penitenciario y de Reinserci\u00f3n Social de Ecatepec, quien, tras proceso legal, les dict\u00f3 esta sentencia de condena.<\/p>\n","protected":false},"excerpt":{"rendered":"<p>Los sentenciados privaron de la libertad a un hombre con la finalidad de despojarlo de un veh\u00edculo con cargamento de hidrocarburo que conduc\u00eda. La Fiscal\u00eda General de Justicia estatal (FGJEM) obtuvo sentencia condenatoria de 70 a\u00f1os de prisi\u00f3n contra Hassan Joce Acevedo Vel\u00e1zquez y Andr\u00e9s L\u00f3pez Rodr\u00edguez, tras acreditar su participaci\u00f3n en el il\u00edcito de [&hellip;]<\/p>\n","protected":false},"author":1,"featured_media":26391,"comment_status":"closed","ping_status":"closed","sticky":false,"template":"","format":"standard","meta":{"footnotes":""},"categories":[36,37],"tags":[],"class_list":["post-26390","post","type-post","status-publish","format-standard","has-post-thumbnail","hentry","category-edomex","category-justicia"],"_links":{"self":[{"href":"https:\/\/elinformante.mx\/index.php?rest_route=\/wp\/v2\/posts\/26390","targetHints":{"allow":["GET"]}}],"collection":[{"href":"https:\/\/elinformante.mx\/index.php?rest_route=\/wp\/v2\/posts"}],"about":[{"href":"https:\/\/elinformante.mx\/index.php?rest_route=\/wp\/v2\/types\/post"}],"author":[{"embeddable":true,"href":"https:\/\/elinformante.mx\/index.php?rest_route=\/wp\/v2\/users\/1"}],"replies":[{"embeddable":true,"href":"https:\/\/elinformante.mx\/index.php?rest_route=%2Fwp%2Fv2%2Fcomments&post=26390"}],"version-history":[{"count":0,"href":"https:\/\/elinformante.mx\/index.php?rest_route=\/wp\/v2\/posts\/26390\/revisions"}],"wp:featuredmedia":[{"embeddable":true,"href":"https:\/\/elinformante.mx\/index.php?rest_route=\/wp\/v2\/media\/26391"}],"wp:attachment":[{"href":"https:\/\/elinformante.mx\/index.php?rest_route=%2Fwp%2Fv2%2Fmedia&parent=26390"}],"wp:term":[{"taxonomy":"category","embeddable":true,"href":"https:\/\/elinformante.mx\/index.php?rest_route=%2Fwp%2Fv2%2Fcategories&post=26390"},{"taxonomy":"post_tag","embeddable":true,"href":"https:\/\/elinformante.mx\/index.php?rest_route=%2Fwp%2Fv2%2Ftags&post=26390"}],"curies":[{"name":"wp","href":"https:\/\/api.w.org\/{rel}","templated":true}]}}