{"id":26397,"date":"2023-05-15T15:27:50","date_gmt":"2023-05-15T15:27:50","guid":{"rendered":"https:\/\/elinformante.mx\/?p=26397"},"modified":"2023-05-15T15:27:52","modified_gmt":"2023-05-15T15:27:52","slug":"por-homicidio-calificado-y-en-grado-de-tentativa-son-detenidos-y-condenados-a-69-anos-de-carcel-dos-sujetos","status":"publish","type":"post","link":"https:\/\/elinformante.mx\/?p=26397","title":{"rendered":"Por homicidio calificado y en grado de tentativa son detenidos y condenados a 69 a\u00f1os de c\u00e1rcel dos sujetos"},"content":{"rendered":"\n<blockquote class=\"wp-block-quote is-layout-flow wp-block-quote-is-layout-flow\">\n<p>Estos sujetos agredieron con arma de fuego a dos personas, un hombre falleci\u00f3 y una mujer result\u00f3 lesionada.<\/p>\n<\/blockquote>\n\n\n\n<p>Marco Antonio Balderas P\u00e9rez y Jonathan Atexcatenco Escobar, fueron sentenciados a 69 a\u00f1os y 2 meses de prisi\u00f3n, luego de que esta Fiscal\u00eda General de Justicia del Estado de M\u00e9xico (FGJEM) acredit\u00f3 su participaci\u00f3n en los hechos delictivos de homicidio calificado y homicidio calificado en grado de tentativa, perpetrados en Tec\u00e1mac.<br><\/p>\n\n\n\n<p>Investigaciones de esta Instituci\u00f3n precisaron que el 9 de noviembre de 2019, las dos v\u00edctimas, un hombre y una mujer, viajaban a bordo de una motocicleta en la colonia Real del Cid, y en la avenida V\u00eda Real, les impidi\u00f3 el paso Balderas P\u00e9rez, quien tripulaba tambi\u00e9n una motocicleta. Momentos despu\u00e9s al lugar tambi\u00e9n arrib\u00f3 Atexcatenco Escobar, quien portaba un arma de fuego, la cual accion\u00f3 en contra de ambas personas.<br><\/p>\n\n\n\n<p>Por la agresi\u00f3n referida, el hombre falleci\u00f3 en el sitio, en tanto que la mujer result\u00f3 lesionada por lo que fue trasladada a un hospital de la zona, donde recibi\u00f3 atenci\u00f3n m\u00e9dica por heridas en t\u00f3rax y abdomen producidas por disparo de arma de fuego.<br><\/p>\n\n\n\n<p>Una vez que esta Instituci\u00f3n tom\u00f3 conocimiento del hecho, fue iniciada la indagatoria respectiva por los delitos de homicidio calificado y homicidio calificado en grado de tentativa, adem\u00e1s llev\u00f3 a cabo diversos actos de investigaci\u00f3n que permitieron identificar y aprehender a los responsables de esta agresi\u00f3n.<br><\/p>\n\n\n\n<p>Los dos implicados fueron ingresados al Centro Penitenciario y de Reinserci\u00f3n Social de Ecatepec, donde la Autoridad Judicial, despu\u00e9s de revisar las pruebas recabadas y aportadas por esta Representaci\u00f3n Social, determin\u00f3 sentenciarlos a 69 a\u00f1os y 2 meses de prisi\u00f3n.<br><\/p>\n\n\n\n<p>Adem\u00e1s de la pena privativa de libertad, estos individuos deber\u00e1n pagar multas de 235 mil 51 pesos, 449 mil 738 pesos como reparaci\u00f3n del da\u00f1o moral y 235 mil 051 pesos como reparaci\u00f3n del da\u00f1o material, en tanto que sus derechos civiles y pol\u00edticos quedaron suspendidos.<\/p>\n","protected":false},"excerpt":{"rendered":"<p>Estos sujetos agredieron con arma de fuego a dos personas, un hombre falleci\u00f3 y una mujer result\u00f3 lesionada. Marco Antonio Balderas P\u00e9rez y Jonathan Atexcatenco Escobar, fueron sentenciados a 69 a\u00f1os y 2 meses de prisi\u00f3n, luego de que esta Fiscal\u00eda General de Justicia del Estado de M\u00e9xico (FGJEM) acredit\u00f3 su participaci\u00f3n en los hechos [&hellip;]<\/p>\n","protected":false},"author":1,"featured_media":26398,"comment_status":"closed","ping_status":"closed","sticky":false,"template":"","format":"standard","meta":{"footnotes":""},"categories":[36,37],"tags":[],"class_list":["post-26397","post","type-post","status-publish","format-standard","has-post-thumbnail","hentry","category-edomex","category-justicia"],"_links":{"self":[{"href":"https:\/\/elinformante.mx\/index.php?rest_route=\/wp\/v2\/posts\/26397","targetHints":{"allow":["GET"]}}],"collection":[{"href":"https:\/\/elinformante.mx\/index.php?rest_route=\/wp\/v2\/posts"}],"about":[{"href":"https:\/\/elinformante.mx\/index.php?rest_route=\/wp\/v2\/types\/post"}],"author":[{"embeddable":true,"href":"https:\/\/elinformante.mx\/index.php?rest_route=\/wp\/v2\/users\/1"}],"replies":[{"embeddable":true,"href":"https:\/\/elinformante.mx\/index.php?rest_route=%2Fwp%2Fv2%2Fcomments&post=26397"}],"version-history":[{"count":0,"href":"https:\/\/elinformante.mx\/index.php?rest_route=\/wp\/v2\/posts\/26397\/revisions"}],"wp:featuredmedia":[{"embeddable":true,"href":"https:\/\/elinformante.mx\/index.php?rest_route=\/wp\/v2\/media\/26398"}],"wp:attachment":[{"href":"https:\/\/elinformante.mx\/index.php?rest_route=%2Fwp%2Fv2%2Fmedia&parent=26397"}],"wp:term":[{"taxonomy":"category","embeddable":true,"href":"https:\/\/elinformante.mx\/index.php?rest_route=%2Fwp%2Fv2%2Fcategories&post=26397"},{"taxonomy":"post_tag","embeddable":true,"href":"https:\/\/elinformante.mx\/index.php?rest_route=%2Fwp%2Fv2%2Ftags&post=26397"}],"curies":[{"name":"wp","href":"https:\/\/api.w.org\/{rel}","templated":true}]}}