{"id":26400,"date":"2023-05-15T15:28:53","date_gmt":"2023-05-15T15:28:53","guid":{"rendered":"https:\/\/elinformante.mx\/?p=26400"},"modified":"2023-05-15T15:28:54","modified_gmt":"2023-05-15T15:28:54","slug":"crecimiento-del-verde-favorece-campana-de-la-maestra-delfina-gomez-alvarez","status":"publish","type":"post","link":"https:\/\/elinformante.mx\/?p=26400","title":{"rendered":"Crecimiento del Verde favorece campa\u00f1a de la Maestra Delfina G\u00f3mez \u00c1lvarez"},"content":{"rendered":"\n<blockquote class=\"wp-block-quote is-layout-flow wp-block-quote-is-layout-flow\">\n<p>La suma de cuadros pol\u00edticos, semana a semana, fortalece sustancialmente al partido y a la campa\u00f1a de la Maestra Delfina G\u00f3mez \u00c1lvarez, afirm\u00f3 el dirigente estatal del PVEM, Jos\u00e9 Alberto Couttolenc Buentello.<\/p>\n<\/blockquote>\n\n\n\n<p>El Partido Verde Ecologista de M\u00e9xico (PVEM) en el Estado de M\u00e9xico aportar\u00e1 a la candidatura a gobernador del Estado de M\u00e9xico de la Maestra Delfina G\u00f3mez \u00c1lvarez el ocho por ciento de la votaci\u00f3n total, que representa alrededor de 500 mil votos, garantiza su dirigente estatal, Jos\u00e9 Alberto Couttolenc Buentello.<br><\/p>\n\n\n\n<p>\u201cHoy en d\u00eda en el Partido Verde no hemos dejado de trabajar con nuestras estructuras, lo cual nos ha mantenido en una trayectoria de ascenso elecci\u00f3n tras elecci\u00f3n, por ello, proyectamos para estos comicios dos puntos porcentuales adicionales a los seis obtenidos en 2021, cumpliendo cabalmente al compromiso hecho con la Maestra Delfina G\u00f3mez para aportar a su candidatura 500 mil votos verdes\u201d, explic\u00f3 \u201cPepe\u201d Couttolenc a medios de comunicaci\u00f3n.<br><\/p>\n\n\n\n<p>Asimismo, dijo que la suma de cuadros pol\u00edticos, semana a semana, fortalece sustancialmente al instituto y a la campa\u00f1a de la Maestra Delfina.<br><\/p>\n\n\n\n<p>El l\u00edder estatal del Verde record\u00f3 que en 2017 recibi\u00f3 un partido sin registro y sin prerrogativas, sin embargo, dos meses despu\u00e9s se obtuvo el dos por ciento de la votaci\u00f3n total que represent\u00f3 casi 94 mil votos, los cuales definen la elecci\u00f3n a Gobernador.<br><\/p>\n\n\n\n<figure class=\"wp-block-image size-large\"><img fetchpriority=\"high\" decoding=\"async\" width=\"1024\" height=\"503\" src=\"https:\/\/elinformante.mx\/wp-content\/uploads\/2023\/05\/CRECIMIENTO-2-1024x503.jpg\" alt=\"\" class=\"wp-image-26402\" srcset=\"https:\/\/elinformante.mx\/wp-content\/uploads\/2023\/05\/CRECIMIENTO-2-1024x503.jpg 1024w, https:\/\/elinformante.mx\/wp-content\/uploads\/2023\/05\/CRECIMIENTO-2-300x147.jpg 300w, https:\/\/elinformante.mx\/wp-content\/uploads\/2023\/05\/CRECIMIENTO-2-768x377.jpg 768w, https:\/\/elinformante.mx\/wp-content\/uploads\/2023\/05\/CRECIMIENTO-2-580x285.jpg 580w, https:\/\/elinformante.mx\/wp-content\/uploads\/2023\/05\/CRECIMIENTO-2-860x422.jpg 860w, https:\/\/elinformante.mx\/wp-content\/uploads\/2023\/05\/CRECIMIENTO-2.jpg 1140w\" sizes=\"(max-width: 1024px) 100vw, 1024px\" \/><\/figure>\n\n\n\n<p>Continu\u00f3 que en 2018, con la participaci\u00f3n exclusiva de su estructura, se lograron m\u00e1s de 318 mil votos, que equivalen al cuatro por ciento de la elecci\u00f3n.<br><\/p>\n\n\n\n<p>Agreg\u00f3 que del mismo modo fue la de 2021, en la que el Partido Verde alcanz\u00f3 m\u00e1s de 385 mil votos que represent\u00f3 el seis por ciento de la elecci\u00f3n, posicion\u00e1ndose esta \u00faltima ocasi\u00f3n como cuarta fuerza pol\u00edtica en la entidad, por debajo de MORENA, PRI y muy cerca del PAN.<br><\/p>\n\n\n\n<p>Finalmente, resalt\u00f3 que la labor de la Familia Verde en cada municipio, barrio, colonia o ejido mexiquense ha quedado demostrada en lo que va de la campa\u00f1a donde la candidata, en sus recorridos por m\u00e1s de 80 municipios, ha saludado de mano a m\u00e1s de 167 mil ecologistas.<br><\/p>\n\n\n\n<p>\u201cCon este trabajo que se realiza en el Estado de M\u00e9xico, el Partido Verde junto a la Maestra Delfina, Morena y PT, Haremos historia al derrotar a quienes han gobernado por casi 100 a\u00f1os y que la gente hoy ya decidi\u00f3 que se va\u201d, sentenci\u00f3 \u201cPepe\u201d Couttolenc.<\/p>\n","protected":false},"excerpt":{"rendered":"<p>La suma de cuadros pol\u00edticos, semana a semana, fortalece sustancialmente al partido y a la campa\u00f1a de la Maestra Delfina G\u00f3mez \u00c1lvarez, afirm\u00f3 el dirigente estatal del PVEM, Jos\u00e9 Alberto Couttolenc Buentello. El Partido Verde Ecologista de M\u00e9xico (PVEM) en el Estado de M\u00e9xico aportar\u00e1 a la candidatura a gobernador del Estado de M\u00e9xico de [&hellip;]<\/p>\n","protected":false},"author":1,"featured_media":26401,"comment_status":"closed","ping_status":"closed","sticky":false,"template":"","format":"standard","meta":{"footnotes":""},"categories":[36],"tags":[],"class_list":["post-26400","post","type-post","status-publish","format-standard","has-post-thumbnail","hentry","category-edomex"],"_links":{"self":[{"href":"https:\/\/elinformante.mx\/index.php?rest_route=\/wp\/v2\/posts\/26400","targetHints":{"allow":["GET"]}}],"collection":[{"href":"https:\/\/elinformante.mx\/index.php?rest_route=\/wp\/v2\/posts"}],"about":[{"href":"https:\/\/elinformante.mx\/index.php?rest_route=\/wp\/v2\/types\/post"}],"author":[{"embeddable":true,"href":"https:\/\/elinformante.mx\/index.php?rest_route=\/wp\/v2\/users\/1"}],"replies":[{"embeddable":true,"href":"https:\/\/elinformante.mx\/index.php?rest_route=%2Fwp%2Fv2%2Fcomments&post=26400"}],"version-history":[{"count":0,"href":"https:\/\/elinformante.mx\/index.php?rest_route=\/wp\/v2\/posts\/26400\/revisions"}],"wp:featuredmedia":[{"embeddable":true,"href":"https:\/\/elinformante.mx\/index.php?rest_route=\/wp\/v2\/media\/26401"}],"wp:attachment":[{"href":"https:\/\/elinformante.mx\/index.php?rest_route=%2Fwp%2Fv2%2Fmedia&parent=26400"}],"wp:term":[{"taxonomy":"category","embeddable":true,"href":"https:\/\/elinformante.mx\/index.php?rest_route=%2Fwp%2Fv2%2Fcategories&post=26400"},{"taxonomy":"post_tag","embeddable":true,"href":"https:\/\/elinformante.mx\/index.php?rest_route=%2Fwp%2Fv2%2Ftags&post=26400"}],"curies":[{"name":"wp","href":"https:\/\/api.w.org\/{rel}","templated":true}]}}