{"id":26404,"date":"2023-05-15T15:31:06","date_gmt":"2023-05-15T15:31:06","guid":{"rendered":"https:\/\/elinformante.mx\/?p=26404"},"modified":"2023-05-15T15:31:07","modified_gmt":"2023-05-15T15:31:07","slug":"en-coordinacion-con-el-gobierno-federal-rescataremos-el-lago-de-valle-de-bravo-delfina","status":"publish","type":"post","link":"https:\/\/elinformante.mx\/?p=26404","title":{"rendered":"En coordinaci\u00f3n con el gobierno federal, rescataremos el lago de Valle de Bravo: Delfina"},"content":{"rendered":"\n<blockquote class=\"wp-block-quote is-layout-flow wp-block-quote-is-layout-flow\">\n<p>La candidata llev\u00f3 su emoci\u00f3n cerca de las l\u00e1grimas, pues entre los asistentes saltaban peticiones tambi\u00e9n para atender la tala indiscriminada de \u00e1rboles en el Bosque que Valle de Bravo comparte con el municipio contiguo de Amanalco.<\/p>\n<\/blockquote>\n\n\n\n<p>La maestra Delfina G\u00f3mez, candidata a gobernadora del Estado de M\u00e9xico por MORENA, PT, y PVEM propuso rescatar el lago de Valle de Bravo, en coordinaci\u00f3n con el gobierno federal, anunci\u00f3 en su visita a este Pueblo M\u00e1gico.<br><\/p>\n\n\n\n<p>Con porras de \u2019Yo s\u00ed le voy, le voy a Delfina\u2019, al puro estilo futbolero, la maestra Delfina G\u00f3mez fue recibida por m\u00e1s de 3 mil vallesanos quienes llenaron el Jard\u00edn Central para demostrar su afecto y apoyo a la candidata morenista.<br><\/p>\n\n\n\n<p>\u2019En Valle de Bravo urge visibilizar que su lago, del que dependen miles de familias vallesanas gracias al turismo ecol\u00f3gico, est\u00e1 en peligro por la falta de sensibilidad de la autoridad estatal que no ha querido implementar un programa para rescatarlo\u2019, dijo la maestra Delfina G\u00f3mez, quien detall\u00f3 que buscar\u00e1 delinear un plan para resolver este pendiente trabajando en coordinaci\u00f3n con el gobierno federal.<br><\/p>\n\n\n\n<p>Ya ca\u00edda la noche, y en medio de un mar de banderas guindas y pancartas con dedicatorias como \u2019Con afecto y con amor, apoyando a la mejor\u2019 y \u2019Maestra Delfina, Valle te apoya\u2019, la candidata llev\u00f3 su emoci\u00f3n cerca de las l\u00e1grimas, pues entre los asistentes saltaban peticiones tambi\u00e9n para atender la tala indiscriminada de \u00e1rboles en el Bosque que Valle de Bravo comparte con el municipio contiguo de Amanalco.<br><\/p>\n\n\n\n<figure class=\"wp-block-image size-large\"><img fetchpriority=\"high\" decoding=\"async\" width=\"1024\" height=\"503\" src=\"https:\/\/elinformante.mx\/wp-content\/uploads\/2023\/05\/EN-COORDINACION-2-1024x503.jpg\" alt=\"\" class=\"wp-image-26406\" srcset=\"https:\/\/elinformante.mx\/wp-content\/uploads\/2023\/05\/EN-COORDINACION-2-1024x503.jpg 1024w, https:\/\/elinformante.mx\/wp-content\/uploads\/2023\/05\/EN-COORDINACION-2-300x147.jpg 300w, https:\/\/elinformante.mx\/wp-content\/uploads\/2023\/05\/EN-COORDINACION-2-768x377.jpg 768w, https:\/\/elinformante.mx\/wp-content\/uploads\/2023\/05\/EN-COORDINACION-2-580x285.jpg 580w, https:\/\/elinformante.mx\/wp-content\/uploads\/2023\/05\/EN-COORDINACION-2-860x422.jpg 860w, https:\/\/elinformante.mx\/wp-content\/uploads\/2023\/05\/EN-COORDINACION-2.jpg 1140w\" sizes=\"(max-width: 1024px) 100vw, 1024px\" \/><\/figure>\n\n\n\n<p>M\u00e1s temprano este s\u00e1bado, en su visita a Amanalco, la maestra Delfina G\u00f3mez elogi\u00f3 el entorno de su naturaleza con extensos bosques, r\u00edos y hasta un lago que lo pueden catapultar como destino ecol\u00f3gico y ofreci\u00f3 implementar una serie de acciones para la preservaci\u00f3n de la mariposa monarca.<br><\/p>\n\n\n\n<p>\u201cVamos a trabajar como una propuesta, la preservaci\u00f3n de nuestra mariposa monarca. Hay un proyecto cient\u00edfico con acciones tendientes al cuidado y preservaci\u00f3n del espacio, para que llegue nuestra mariposa monarca y eso nos va a traer no solamente cuidado del medio ambiente, sino tambi\u00e9n de turismo para promover a Amanalco\u201d, ofreci\u00f3 la maestra Delfina G\u00f3mez.<br><\/p>\n\n\n\n<p>En materia de desarrollo econ\u00f3mico, la maestra Delfina G\u00f3mez plante\u00f3 desde el arranque de su campa\u00f1a que el eje de fomento a la industria tur\u00edstica contemplar\u00e1 dos acciones principales: Impulsar la promoci\u00f3n y el desarrollo de los Pueblos M\u00e1gicos, Pueblos con Encanto, rutas tur\u00edsticas, zonas arqueol\u00f3gicas y dem\u00e1s regiones con vocaci\u00f3n tur\u00edstica; as\u00ed como estimular el turismo de los pueblos originarios y sus productos, junto con la diversificaci\u00f3n de la oferta con turismo cultural, de reuniones, ecol\u00f3gico, de bodas, gastron\u00f3mico, deportivo, hist\u00f3rico, religioso, entre otros.<br><\/p>\n\n\n\n<p>\u201cPara lograr mayor derrama econ\u00f3mica de nuestros visitantes\u201d, puntualiz\u00f3 la maestra Delfina G\u00f3mez. En su gira del s\u00e1bado, la maestra Delfina G\u00f3mez estuvo acompa\u00f1ada por Mario Delgado, presidente del Comit\u00e9 Ejecutivo Nacional de MORENA; por Martha Guerrero, presidenta del Comit\u00e9 Ejecutivo Estatal de MORENA; por Nancy N\u00e1poles, presidenta del Consejo Estatal de MORENA; por \u00d3scar Gonz\u00e1lez Y\u00e1\u00f1ez, dirigente estatal del Partido del Trabajo (PT), y por Jos\u00e9 Couttolenc, secretario general del Partido Verde (PVEM) en el Estado de M\u00e9xico.<\/p>\n","protected":false},"excerpt":{"rendered":"<p>La candidata llev\u00f3 su emoci\u00f3n cerca de las l\u00e1grimas, pues entre los asistentes saltaban peticiones tambi\u00e9n para atender la tala indiscriminada de \u00e1rboles en el Bosque que Valle de Bravo comparte con el municipio contiguo de Amanalco. La maestra Delfina G\u00f3mez, candidata a gobernadora del Estado de M\u00e9xico por MORENA, PT, y PVEM propuso rescatar [&hellip;]<\/p>\n","protected":false},"author":1,"featured_media":26405,"comment_status":"closed","ping_status":"closed","sticky":false,"template":"","format":"standard","meta":{"footnotes":""},"categories":[30,36],"tags":[],"class_list":["post-26404","post","type-post","status-publish","format-standard","has-post-thumbnail","hentry","category-destacado","category-edomex"],"_links":{"self":[{"href":"https:\/\/elinformante.mx\/index.php?rest_route=\/wp\/v2\/posts\/26404","targetHints":{"allow":["GET"]}}],"collection":[{"href":"https:\/\/elinformante.mx\/index.php?rest_route=\/wp\/v2\/posts"}],"about":[{"href":"https:\/\/elinformante.mx\/index.php?rest_route=\/wp\/v2\/types\/post"}],"author":[{"embeddable":true,"href":"https:\/\/elinformante.mx\/index.php?rest_route=\/wp\/v2\/users\/1"}],"replies":[{"embeddable":true,"href":"https:\/\/elinformante.mx\/index.php?rest_route=%2Fwp%2Fv2%2Fcomments&post=26404"}],"version-history":[{"count":0,"href":"https:\/\/elinformante.mx\/index.php?rest_route=\/wp\/v2\/posts\/26404\/revisions"}],"wp:featuredmedia":[{"embeddable":true,"href":"https:\/\/elinformante.mx\/index.php?rest_route=\/wp\/v2\/media\/26405"}],"wp:attachment":[{"href":"https:\/\/elinformante.mx\/index.php?rest_route=%2Fwp%2Fv2%2Fmedia&parent=26404"}],"wp:term":[{"taxonomy":"category","embeddable":true,"href":"https:\/\/elinformante.mx\/index.php?rest_route=%2Fwp%2Fv2%2Fcategories&post=26404"},{"taxonomy":"post_tag","embeddable":true,"href":"https:\/\/elinformante.mx\/index.php?rest_route=%2Fwp%2Fv2%2Ftags&post=26404"}],"curies":[{"name":"wp","href":"https:\/\/api.w.org\/{rel}","templated":true}]}}