{"id":26408,"date":"2023-05-15T15:33:00","date_gmt":"2023-05-15T15:33:00","guid":{"rendered":"https:\/\/elinformante.mx\/?p=26408"},"modified":"2023-05-15T15:35:10","modified_gmt":"2023-05-15T15:35:10","slug":"mauricio-kuri-llama-a-ciudadanos-a-exigir-resultados","status":"publish","type":"post","link":"https:\/\/elinformante.mx\/?p=26408","title":{"rendered":"Mauricio Kuri llama a ciudadanos a exigir resultados"},"content":{"rendered":"\n<blockquote class=\"wp-block-quote is-layout-flow wp-block-quote-is-layout-flow\">\n<p>Gobernador particip\u00f3 en ejercicio de Gobierno Abierto en El Marqu\u00e9s.<\/p>\n<\/blockquote>\n\n\n\n<p>El gobernador Mauricio Kuri Gonz\u00e1lez sostuvo que la diferencia que tiene Quer\u00e9taro con otros estados del pa\u00eds, es que cuenta con una sociedad muy exigente, y que la \u00fanica forma de mejorar la calidad de vida de la ciudadan\u00eda es poni\u00e9ndose de acuerdo sociedad y gobierno.<br><\/p>\n\n\n\n<p>\u201cLa \u00fanica diferencia para poder tener una mejor calidad de vida es que nos pongamos todos de acuerdo, ustedes que nos presionen a nosotros, y nosotros, poder en la medida de nuestras posibilidades, satisfacer sus necesidades\u201d, apunt\u00f3.<br><\/p>\n\n\n\n<p>Con el prop\u00f3sito de escuchar y atender las principales necesidades de habitantes del Fraccionamiento La Pradera, en el municipio de El Marqu\u00e9s, el titular del Poder Ejecutivo estatal, particip\u00f3 en el ejercicio Gobierno Abierto, donde se definieron las principales acciones a realizar en beneficio de las y los vecinos de la zona.<br><\/p>\n\n\n\n<figure class=\"wp-block-image size-large\"><img fetchpriority=\"high\" decoding=\"async\" width=\"1024\" height=\"503\" src=\"https:\/\/elinformante.mx\/wp-content\/uploads\/2023\/05\/MAURICIO-3-1024x503.jpg\" alt=\"\" class=\"wp-image-26410\" srcset=\"https:\/\/elinformante.mx\/wp-content\/uploads\/2023\/05\/MAURICIO-3-1024x503.jpg 1024w, https:\/\/elinformante.mx\/wp-content\/uploads\/2023\/05\/MAURICIO-3-300x147.jpg 300w, https:\/\/elinformante.mx\/wp-content\/uploads\/2023\/05\/MAURICIO-3-768x377.jpg 768w, https:\/\/elinformante.mx\/wp-content\/uploads\/2023\/05\/MAURICIO-3-580x285.jpg 580w, https:\/\/elinformante.mx\/wp-content\/uploads\/2023\/05\/MAURICIO-3-860x422.jpg 860w, https:\/\/elinformante.mx\/wp-content\/uploads\/2023\/05\/MAURICIO-3.jpg 1140w\" sizes=\"(max-width: 1024px) 100vw, 1024px\" \/><\/figure>\n\n\n\n<p>Ah\u00ed, invit\u00f3 a los ciudadanos a continuar participando en las discusiones de asuntos p\u00fablicos y en la toma de decisiones que impactar\u00e1n en su calidad de vida.<br><\/p>\n\n\n\n<p>\u201cNo est\u00e1n solas, no est\u00e1n solos. Aqu\u00ed estamos, no los vamos a dejar. Durante el tiempo de mi gobierno van a estar apoy\u00e1ndolos; porque sin lugar a dudas esa es mi chamba. Para eso me contrataron, no para echarle la culpa a nadie, sino para poder resolver sus necesidades\u201d, subray\u00f3.<br><\/p>\n\n\n\n<p>Entre los distintos proyectos que se pondr\u00e1n en marcha, a fin de mejorar el entorno f\u00edsico y fortalecer el desarrollo social en la colonia, el Gobernador anunci\u00f3 la creaci\u00f3n de un arcotecho en el Parque \u201cLa Pradera\u201d, el cual beneficiar\u00e1 a quienes realizan actividades deportivas, recreativas o culturales.<\/p>\n","protected":false},"excerpt":{"rendered":"<p>Gobernador particip\u00f3 en ejercicio de Gobierno Abierto en El Marqu\u00e9s. El gobernador Mauricio Kuri Gonz\u00e1lez sostuvo que la diferencia que tiene Quer\u00e9taro con otros estados del pa\u00eds, es que cuenta con una sociedad muy exigente, y que la \u00fanica forma de mejorar la calidad de vida de la ciudadan\u00eda es poni\u00e9ndose de acuerdo sociedad y [&hellip;]<\/p>\n","protected":false},"author":1,"featured_media":26409,"comment_status":"closed","ping_status":"closed","sticky":false,"template":"","format":"standard","meta":{"footnotes":""},"categories":[30,34],"tags":[],"class_list":["post-26408","post","type-post","status-publish","format-standard","has-post-thumbnail","hentry","category-destacado","category-nacional"],"_links":{"self":[{"href":"https:\/\/elinformante.mx\/index.php?rest_route=\/wp\/v2\/posts\/26408","targetHints":{"allow":["GET"]}}],"collection":[{"href":"https:\/\/elinformante.mx\/index.php?rest_route=\/wp\/v2\/posts"}],"about":[{"href":"https:\/\/elinformante.mx\/index.php?rest_route=\/wp\/v2\/types\/post"}],"author":[{"embeddable":true,"href":"https:\/\/elinformante.mx\/index.php?rest_route=\/wp\/v2\/users\/1"}],"replies":[{"embeddable":true,"href":"https:\/\/elinformante.mx\/index.php?rest_route=%2Fwp%2Fv2%2Fcomments&post=26408"}],"version-history":[{"count":0,"href":"https:\/\/elinformante.mx\/index.php?rest_route=\/wp\/v2\/posts\/26408\/revisions"}],"wp:featuredmedia":[{"embeddable":true,"href":"https:\/\/elinformante.mx\/index.php?rest_route=\/wp\/v2\/media\/26409"}],"wp:attachment":[{"href":"https:\/\/elinformante.mx\/index.php?rest_route=%2Fwp%2Fv2%2Fmedia&parent=26408"}],"wp:term":[{"taxonomy":"category","embeddable":true,"href":"https:\/\/elinformante.mx\/index.php?rest_route=%2Fwp%2Fv2%2Fcategories&post=26408"},{"taxonomy":"post_tag","embeddable":true,"href":"https:\/\/elinformante.mx\/index.php?rest_route=%2Fwp%2Fv2%2Ftags&post=26408"}],"curies":[{"name":"wp","href":"https:\/\/api.w.org\/{rel}","templated":true}]}}