{"id":26413,"date":"2023-05-15T15:36:51","date_gmt":"2023-05-15T15:36:51","guid":{"rendered":"https:\/\/elinformante.mx\/?p=26413"},"modified":"2023-05-15T15:36:52","modified_gmt":"2023-05-15T15:36:52","slug":"afanadores-de-aefcdmx-podrian-ir-a-paro-ante-falta-de-pago-de-servicios-de-limpieza","status":"publish","type":"post","link":"https:\/\/elinformante.mx\/?p=26413","title":{"rendered":"Afanadores de AEFCDMX podr\u00edan ir a paro ante falta de pago de servicios de limpieza"},"content":{"rendered":"\n<blockquote class=\"wp-block-quote is-layout-flow wp-block-quote-is-layout-flow\">\n<p>Llevan cuatro meses sin recibir pago alguno por sus servicios.<\/p>\n<\/blockquote>\n\n\n\n<p>La proveedora de limpieza Semalyn S.A. de C.V ha advertido que no podr\u00e1 cubrir los salarios de este 15 de mayo para los m\u00e1s de 700 trabajadores que realizan labores de limpieza en las instalaciones de la Autoridad Educativa Federal de la Ciudad de M\u00e9xico (AEFCDMX).<br><\/p>\n\n\n\n<p>La empresa afirm\u00f3 que lleva cuatro meses sin recibir pago alguno por sus servicios, lo que ha puesto en grave riesgo su viabilidad econ\u00f3mica.<br><\/p>\n\n\n\n<p>El representante legal de la empresa, Edgar Ju\u00e1rez, explic\u00f3 que ni siquiera se ha podido celebrar el contrato correspondiente, ya que los miembros de la dependencia no lo han entregado. Ante esta situaci\u00f3n, pidieron el apoyo al titular del \u00d3rgano Interno de Control (OIC), Miguel \u00c1ngel Robles Roa, para intentar solucionar el problema.<br><\/p>\n\n\n\n<p>Ju\u00e1rez precis\u00f3 que \u201cal d\u00eda de hoy la convocante no lo ha puesto a nuestra disposici\u00f3n, lo que hace imposible la conciliaci\u00f3n, facturaci\u00f3n y cobro de los servicios devengados\u201d. De acuerdo con el representante legal esta situaci\u00f3n ha puesto en peligro la viabilidad econ\u00f3mica de la empresa.<br><\/p>\n\n\n\n<p>En el documento enviado al OIC especificaron que, al no haber afluencia de recursos, la empresa podr\u00eda quedarse sin fondos para pagar los sueldos correspondientes. Ante esta situaci\u00f3n, los trabajadores han decidido ir a paro a partir del inicio de la siguiente semana.<br><\/p>\n\n\n\n<p>Los afanadores destacaron que sus familias dependen de sus ingresos diarios para subsistir, por lo que no han tenido m\u00e1s opci\u00f3n que organizar un paro de labores: \u201cSomos m\u00e1s de 700 los afectados, somos personas de trabajo, no pedimos nada m\u00e1s que lo que nos toca\u201d.<br><\/p>\n\n\n\n<p>La plantilla de trabajadores explic\u00f3 que \u00fanicamente piden lo justo por cumplir en tiempo y forma con sus jornadas laborales. Los trabajadores lamentaron que, debido a la falta de pago, este D\u00eda del Maestro no habr\u00e1 inmuebles limpios en la Ciudad de M\u00e9xico.<\/p>\n","protected":false},"excerpt":{"rendered":"<p>Llevan cuatro meses sin recibir pago alguno por sus servicios. La proveedora de limpieza Semalyn S.A. de C.V ha advertido que no podr\u00e1 cubrir los salarios de este 15 de mayo para los m\u00e1s de 700 trabajadores que realizan labores de limpieza en las instalaciones de la Autoridad Educativa Federal de la Ciudad de M\u00e9xico [&hellip;]<\/p>\n","protected":false},"author":1,"featured_media":26414,"comment_status":"closed","ping_status":"closed","sticky":false,"template":"","format":"standard","meta":{"footnotes":""},"categories":[35],"tags":[],"class_list":["post-26413","post","type-post","status-publish","format-standard","has-post-thumbnail","hentry","category-cdmx"],"_links":{"self":[{"href":"https:\/\/elinformante.mx\/index.php?rest_route=\/wp\/v2\/posts\/26413","targetHints":{"allow":["GET"]}}],"collection":[{"href":"https:\/\/elinformante.mx\/index.php?rest_route=\/wp\/v2\/posts"}],"about":[{"href":"https:\/\/elinformante.mx\/index.php?rest_route=\/wp\/v2\/types\/post"}],"author":[{"embeddable":true,"href":"https:\/\/elinformante.mx\/index.php?rest_route=\/wp\/v2\/users\/1"}],"replies":[{"embeddable":true,"href":"https:\/\/elinformante.mx\/index.php?rest_route=%2Fwp%2Fv2%2Fcomments&post=26413"}],"version-history":[{"count":0,"href":"https:\/\/elinformante.mx\/index.php?rest_route=\/wp\/v2\/posts\/26413\/revisions"}],"wp:featuredmedia":[{"embeddable":true,"href":"https:\/\/elinformante.mx\/index.php?rest_route=\/wp\/v2\/media\/26414"}],"wp:attachment":[{"href":"https:\/\/elinformante.mx\/index.php?rest_route=%2Fwp%2Fv2%2Fmedia&parent=26413"}],"wp:term":[{"taxonomy":"category","embeddable":true,"href":"https:\/\/elinformante.mx\/index.php?rest_route=%2Fwp%2Fv2%2Fcategories&post=26413"},{"taxonomy":"post_tag","embeddable":true,"href":"https:\/\/elinformante.mx\/index.php?rest_route=%2Fwp%2Fv2%2Ftags&post=26413"}],"curies":[{"name":"wp","href":"https:\/\/api.w.org\/{rel}","templated":true}]}}