{"id":26416,"date":"2023-05-15T15:38:24","date_gmt":"2023-05-15T15:38:24","guid":{"rendered":"https:\/\/elinformante.mx\/?p=26416"},"modified":"2023-05-15T15:38:25","modified_gmt":"2023-05-15T15:38:25","slug":"alvaro-obregon-lider-en-prevencion-erradicacion-y-atencion-a-la-violencia-de-genero-lia-limon","status":"publish","type":"post","link":"https:\/\/elinformante.mx\/?p=26416","title":{"rendered":"\u00c1lvaro Obreg\u00f3n, l\u00edder en prevenci\u00f3n, erradicaci\u00f3n y atenci\u00f3n a la violencia de g\u00e9nero: L\u00eda Lim\u00f3n"},"content":{"rendered":"\n<blockquote class=\"wp-block-quote is-layout-flow wp-block-quote-is-layout-flow\">\n<p>Se anunci\u00f3 la firma del convenio del Punto Violeta 152 en las instalaciones del Centro de Estudios Superiores San \u00c1ngel (CESSA), el cual funcionar\u00e1 las 24 horas del d\u00eda.<\/p>\n<\/blockquote>\n\n\n\n<p>L\u00eda Lim\u00f3n, alcaldesa de \u00c1lvaro Obreg\u00f3n resalt\u00f3 que desde el inicio de su gesti\u00f3n, la prevenci\u00f3n de la violencia hacia la mujer ha sido un tema primordial para su Gobierno, por lo que a partir de que iniciaron las acciones para la erradicaci\u00f3n de la desigualdad y discriminaci\u00f3n, es posible percibir los resultados en la demarcaci\u00f3n.<br><\/p>\n\n\n\n<p>Adem\u00e1s del informe de resultados, la funcionaria anunci\u00f3 la firma del convenio del Punto Violeta 152 en las instalaciones del Centro de Estudios Superiores San \u00c1ngel (CESSA), el cual funcionar\u00e1 las 24 horas del d\u00eda.<br><\/p>\n\n\n\n<p>\u201cEn \u00c1lvaro Obreg\u00f3n no improvisamos cuando se trata de la seguridad de las mujeres\u201d, declar\u00f3 Lim\u00f3n.<br><\/p>\n\n\n\n<p>Antonio Guerrero Arteaga, rector del CESSA reconoci\u00f3 que la uni\u00f3n de las instituciones privadas con los organismos de Gobierno es fundamental para terminar con la violencia de g\u00e9nero, pues una de las acciones primarias para las administraciones educativas es que las mujeres sean libres de agresiones en cualquier espacio de la alcald\u00eda.<br><\/p>\n\n\n\n<p>\u201cCambiar lo que no nos gusta de la ciudad en que vivimos, es una tarea de todas y de todos, y me da mucho gusto sumar a CESSA como instituci\u00f3n aliada para mejorar la seguridad de las mujeres que viven o transitan por nuestra alcald\u00eda\u201d, afirm\u00f3.<br><\/p>\n\n\n\n<p>A su vez, el catedr\u00e1tico dio a conocer que dentro de su comunidad, el 65% de la poblaci\u00f3n estudiantil son mujeres, 67% del claustro son del sexo femenino y 75% de los colaboradores es poblaci\u00f3n f\u00e9mina. Dadas las cifras de la matr\u00edcula de la instituci\u00f3n, el rector coment\u00f3 que para el colegio es necesario proteger a quienes simbolizan el estudio y los avances tecnol\u00f3gicos y cient\u00edficos que ayudar\u00e1n al desarrollo de la sociedad.<br><\/p>\n\n\n\n<p>\u201cSabemos la importancia de ayudar a mujeres en situaciones vulnerables, por lo que este Punto Violeta se suma como el 152 de la Alcald\u00eda \u00c1lvaro Obreg\u00f3n y operar\u00e1 los 365 d\u00edas del a\u00f1o durante 24 horas. Esta es otra iniciativa con la cual CESSA busca contribuir al crecimiento y beneficio de la Comunidad de la Alcald\u00eda y felicidades a la alcaldesa L\u00eda Lim\u00f3n Garc\u00eda por su esfuerzo en activar este tipo de iniciativas en la alcald\u00eda \u00c1lvaro Obreg\u00f3n y por la confianza que depositan en CESSA Universidad\u201d, garantiz\u00f3.<\/p>\n","protected":false},"excerpt":{"rendered":"<p>Se anunci\u00f3 la firma del convenio del Punto Violeta 152 en las instalaciones del Centro de Estudios Superiores San \u00c1ngel (CESSA), el cual funcionar\u00e1 las 24 horas del d\u00eda. L\u00eda Lim\u00f3n, alcaldesa de \u00c1lvaro Obreg\u00f3n resalt\u00f3 que desde el inicio de su gesti\u00f3n, la prevenci\u00f3n de la violencia hacia la mujer ha sido un tema [&hellip;]<\/p>\n","protected":false},"author":1,"featured_media":26417,"comment_status":"closed","ping_status":"closed","sticky":false,"template":"","format":"standard","meta":{"footnotes":""},"categories":[35],"tags":[],"class_list":["post-26416","post","type-post","status-publish","format-standard","has-post-thumbnail","hentry","category-cdmx"],"_links":{"self":[{"href":"https:\/\/elinformante.mx\/index.php?rest_route=\/wp\/v2\/posts\/26416","targetHints":{"allow":["GET"]}}],"collection":[{"href":"https:\/\/elinformante.mx\/index.php?rest_route=\/wp\/v2\/posts"}],"about":[{"href":"https:\/\/elinformante.mx\/index.php?rest_route=\/wp\/v2\/types\/post"}],"author":[{"embeddable":true,"href":"https:\/\/elinformante.mx\/index.php?rest_route=\/wp\/v2\/users\/1"}],"replies":[{"embeddable":true,"href":"https:\/\/elinformante.mx\/index.php?rest_route=%2Fwp%2Fv2%2Fcomments&post=26416"}],"version-history":[{"count":0,"href":"https:\/\/elinformante.mx\/index.php?rest_route=\/wp\/v2\/posts\/26416\/revisions"}],"wp:featuredmedia":[{"embeddable":true,"href":"https:\/\/elinformante.mx\/index.php?rest_route=\/wp\/v2\/media\/26417"}],"wp:attachment":[{"href":"https:\/\/elinformante.mx\/index.php?rest_route=%2Fwp%2Fv2%2Fmedia&parent=26416"}],"wp:term":[{"taxonomy":"category","embeddable":true,"href":"https:\/\/elinformante.mx\/index.php?rest_route=%2Fwp%2Fv2%2Fcategories&post=26416"},{"taxonomy":"post_tag","embeddable":true,"href":"https:\/\/elinformante.mx\/index.php?rest_route=%2Fwp%2Fv2%2Ftags&post=26416"}],"curies":[{"name":"wp","href":"https:\/\/api.w.org\/{rel}","templated":true}]}}