{"id":26423,"date":"2023-05-15T15:40:57","date_gmt":"2023-05-15T15:40:57","guid":{"rendered":"https:\/\/elinformante.mx\/?p=26423"},"modified":"2023-05-15T15:40:58","modified_gmt":"2023-05-15T15:40:58","slug":"se-invierten-10-mil-mdp-en-aduanas-de-tamaulipas-amlo","status":"publish","type":"post","link":"https:\/\/elinformante.mx\/?p=26423","title":{"rendered":"Se invierten 10 mil MDP en aduanas de Tamaulipas: AMLO"},"content":{"rendered":"\n<blockquote class=\"wp-block-quote is-layout-flow wp-block-quote-is-layout-flow\">\n<p>El presidente Andr\u00e9s Manuel L\u00f3pez Obrador inform\u00f3 que se invierten 10 mil millones de pesos en el mejoramiento de las aduanas de Tamaulipas.<\/p>\n<\/blockquote>\n\n\n\n<p>\u201cRecorrimos aduanas en Matamoros, Reynosa y Nuevo Laredo. Se rehabilitan 15 instalaciones; se han adquirido equipos de vigilancia (rayos X); se construye la oficina nacional de aduanas y un cuartel\u201d, se\u00f1al\u00f3 el mandatario nacional en redes sociales.<br><\/p>\n\n\n\n<p>Abund\u00f3 que las obras significan una \u201cinversi\u00f3n cercana a 10 mil millones de pesos para hacer m\u00e1s seguro y eficiente el tr\u00e1nsito en alrededor de 500 kil\u00f3metros de frontera\u201d.<br><\/p>\n\n\n\n<p>El mandatario visit\u00f3 el puente internacional Reynosa-Pharr, el cual se considera el cruce fronterizo m\u00e1s largo con Estados Unidos.<br><\/p>\n\n\n\n<p>L\u00f3pez Obrador estuvo acompa\u00f1ado por el gobernador de Tamaulipas, Am\u00e9rico Villarreal Anaya (Morena); as\u00ed como por el secretario de la Defensa Nacional, general Luis Cresencio Sandoval Gonz\u00e1lez; el secretario de Marina, almirante Jos\u00e9 Rafael Ojeda Dur\u00e1n.<br><\/p>\n\n\n\n<figure class=\"wp-block-image size-large\"><img fetchpriority=\"high\" decoding=\"async\" width=\"1024\" height=\"503\" src=\"https:\/\/elinformante.mx\/wp-content\/uploads\/2023\/05\/se-invierte-2-1024x503.jpg\" alt=\"\" class=\"wp-image-26425\" srcset=\"https:\/\/elinformante.mx\/wp-content\/uploads\/2023\/05\/se-invierte-2-1024x503.jpg 1024w, https:\/\/elinformante.mx\/wp-content\/uploads\/2023\/05\/se-invierte-2-300x147.jpg 300w, https:\/\/elinformante.mx\/wp-content\/uploads\/2023\/05\/se-invierte-2-768x377.jpg 768w, https:\/\/elinformante.mx\/wp-content\/uploads\/2023\/05\/se-invierte-2-580x285.jpg 580w, https:\/\/elinformante.mx\/wp-content\/uploads\/2023\/05\/se-invierte-2-860x422.jpg 860w, https:\/\/elinformante.mx\/wp-content\/uploads\/2023\/05\/se-invierte-2.jpg 1140w\" sizes=\"(max-width: 1024px) 100vw, 1024px\" \/><\/figure>\n\n\n\n<p>Adem\u00e1s del subsecretario de Egresos de la Secretar\u00eda de Hacienda, Juan Pablo de Botton.<br><\/p>\n\n\n\n<p>Por medio de sus redes sociales, el gobernador de Tamaulipas inform\u00f3 sobre su primera reuni\u00f3n de trabajo del d\u00eda.<br><\/p>\n\n\n\n<p>\u201cEstamos con el presidente @lopezobrador_ en la aduana de #Matamoros, en la primera reuni\u00f3n de trabajo en su gira por #Tamaulipas.<br><\/p>\n\n\n\n<p>\u201cTambi\u00e9n est\u00e1 con nosotros el General Luis Cresencio Sandoval, secretario de la Defensa Nacional y el Almirante Rafael Ojeda, secretario de Marina\u201d.<br><\/p>\n\n\n\n<p>Antes, el Presidente de la Rep\u00fablica estuvo en Cadereyta, Nuevo Le\u00f3n, donde supervis\u00f3 los trabajos de rehabilitaci\u00f3n de la refiner\u00eda.<\/p>\n","protected":false},"excerpt":{"rendered":"<p>El presidente Andr\u00e9s Manuel L\u00f3pez Obrador inform\u00f3 que se invierten 10 mil millones de pesos en el mejoramiento de las aduanas de Tamaulipas. \u201cRecorrimos aduanas en Matamoros, Reynosa y Nuevo Laredo. Se rehabilitan 15 instalaciones; se han adquirido equipos de vigilancia (rayos X); se construye la oficina nacional de aduanas y un cuartel\u201d, se\u00f1al\u00f3 el [&hellip;]<\/p>\n","protected":false},"author":1,"featured_media":26424,"comment_status":"closed","ping_status":"closed","sticky":false,"template":"","format":"standard","meta":{"footnotes":""},"categories":[34],"tags":[],"class_list":["post-26423","post","type-post","status-publish","format-standard","has-post-thumbnail","hentry","category-nacional"],"_links":{"self":[{"href":"https:\/\/elinformante.mx\/index.php?rest_route=\/wp\/v2\/posts\/26423","targetHints":{"allow":["GET"]}}],"collection":[{"href":"https:\/\/elinformante.mx\/index.php?rest_route=\/wp\/v2\/posts"}],"about":[{"href":"https:\/\/elinformante.mx\/index.php?rest_route=\/wp\/v2\/types\/post"}],"author":[{"embeddable":true,"href":"https:\/\/elinformante.mx\/index.php?rest_route=\/wp\/v2\/users\/1"}],"replies":[{"embeddable":true,"href":"https:\/\/elinformante.mx\/index.php?rest_route=%2Fwp%2Fv2%2Fcomments&post=26423"}],"version-history":[{"count":0,"href":"https:\/\/elinformante.mx\/index.php?rest_route=\/wp\/v2\/posts\/26423\/revisions"}],"wp:featuredmedia":[{"embeddable":true,"href":"https:\/\/elinformante.mx\/index.php?rest_route=\/wp\/v2\/media\/26424"}],"wp:attachment":[{"href":"https:\/\/elinformante.mx\/index.php?rest_route=%2Fwp%2Fv2%2Fmedia&parent=26423"}],"wp:term":[{"taxonomy":"category","embeddable":true,"href":"https:\/\/elinformante.mx\/index.php?rest_route=%2Fwp%2Fv2%2Fcategories&post=26423"},{"taxonomy":"post_tag","embeddable":true,"href":"https:\/\/elinformante.mx\/index.php?rest_route=%2Fwp%2Fv2%2Ftags&post=26423"}],"curies":[{"name":"wp","href":"https:\/\/api.w.org\/{rel}","templated":true}]}}