{"id":26652,"date":"2023-05-18T13:53:40","date_gmt":"2023-05-18T13:53:40","guid":{"rendered":"https:\/\/elinformante.mx\/?p=26652"},"modified":"2023-05-18T13:53:41","modified_gmt":"2023-05-18T13:53:41","slug":"hace-publico-fgjem-el-primer-informe-de-gestion-del-fiscal-general-de-justicia-del-edomex","status":"publish","type":"post","link":"https:\/\/elinformante.mx\/?p=26652","title":{"rendered":"Hace p\u00fablico FGJEM el Primer Informe de Gesti\u00f3n del Fiscal General de Justicia del Edom\u00e9x"},"content":{"rendered":"\n<blockquote class=\"wp-block-quote is-layout-flow wp-block-quote-is-layout-flow\">\n<p class=\"wp-block-paragraph\">El Primer Informe de Gesti\u00f3n del Fiscal General expone las acciones realizadas, resultados obtenidos, reingenier\u00eda institucional, retos y objetivos de la FGJEM.<\/p>\n<\/blockquote>\n\n\n\n<p class=\"wp-block-paragraph\">Para dar cumplimiento a lo establecido en los art\u00edculos 83 Ter, p\u00e1rrafo octavo, de la Constituci\u00f3n Pol\u00edtica del Estado Libre y Soberano de M\u00e9xico; 25, fracci\u00f3n IV, y 27 de la Ley de la Fiscal\u00eda General del Justicia del Estado de M\u00e9xico (FGJEM), el titular de la Instituci\u00f3n hizo entrega del Primer Informe de Gesti\u00f3n a la LXI Legislatura mexiquense y al titular del Ejecutivo Estatal.<br><\/p>\n\n\n\n<p class=\"wp-block-paragraph\">\u201cLas acciones contenidas en el documento son producto del trabajo, esfuerzo, vocaci\u00f3n y esp\u00edritu de sacrificio de servidoras y servidores p\u00fablicos que comparten mi visi\u00f3n\u201d, expone el Fiscal General de Justicia del Estado de M\u00e9xico, Jos\u00e9 Luis Cervantes Mart\u00ednez, dentro de su Primer Informe de Gesti\u00f3n.<br><\/p>\n\n\n\n<figure class=\"wp-block-image size-large\"><img fetchpriority=\"high\" decoding=\"async\" width=\"1024\" height=\"503\" src=\"https:\/\/elinformante.mx\/wp-content\/uploads\/2023\/05\/HACE-1024x503.jpg\" alt=\"\" class=\"wp-image-26654\" srcset=\"https:\/\/elinformante.mx\/wp-content\/uploads\/2023\/05\/HACE-1024x503.jpg 1024w, https:\/\/elinformante.mx\/wp-content\/uploads\/2023\/05\/HACE-300x147.jpg 300w, https:\/\/elinformante.mx\/wp-content\/uploads\/2023\/05\/HACE-768x377.jpg 768w, https:\/\/elinformante.mx\/wp-content\/uploads\/2023\/05\/HACE-580x285.jpg 580w, https:\/\/elinformante.mx\/wp-content\/uploads\/2023\/05\/HACE-860x422.jpg 860w, https:\/\/elinformante.mx\/wp-content\/uploads\/2023\/05\/HACE.jpg 1140w\" sizes=\"(max-width: 1024px) 100vw, 1024px\" \/><\/figure>\n\n\n\n<p class=\"wp-block-paragraph\">La transparencia y la rendici\u00f3n de cuentas son principios centrales de la gesti\u00f3n y del desempe\u00f1o de las instituciones y de sus servidores p\u00fablicos, por ello la FGJEM hace p\u00fablico, a trav\u00e9s de su p\u00e1gina oficial, el Primer Informe de Gesti\u00f3n del Fiscal General de Justicia del Estado de M\u00e9xico el cual detalla las acciones realizadas, resultados obtenidos y reingenier\u00eda institucional alcanzados en el periodo que comprende del 9 marzo de 2022 al 8 marzo de 2023, as\u00ed como los objetivos a alcanzar en los pr\u00f3ximos periodos.<br><\/p>\n\n\n\n<p class=\"wp-block-paragraph\">Nueve cap\u00edtulos exponen los principales t\u00f3picos del Informe de Gesti\u00f3n, abordan: la reorganizaci\u00f3n, reingenier\u00eda y reaprovechamiento en la FGJEM; retos a hacer frente en una nueva gesti\u00f3n con la prioridad inicial de combatir la corrupci\u00f3n; acciones para incrementar las funciones de investigaci\u00f3n y persecuci\u00f3n del delito, as\u00ed como para aumentar el estado de fuerza; trabajos realizados para consolidar la autonom\u00eda e identidad institucional, asumir la responsabilidad y fortalecer el esp\u00edritu de cuerpo.<br><\/p>\n\n\n\n<p class=\"wp-block-paragraph\">El documento tambi\u00e9n informa sobre c\u00f3mo reconceptualizar el servicio que presta la Fiscal\u00eda mexiquense, mejorar la atenci\u00f3n y su cobertura; acciones operativas y sus resultados al enfrentar a la delincuencia, perseguirla con contundencia y explotar la informaci\u00f3n al planificar acciones; la innovaci\u00f3n para procurar justicia, sus nuevos retos y nuevas estructuras de la Instituci\u00f3n.<br><\/p>\n\n\n\n<figure class=\"wp-block-image size-large\"><img decoding=\"async\" width=\"1024\" height=\"503\" src=\"https:\/\/elinformante.mx\/wp-content\/uploads\/2023\/05\/hace-5-1024x503.jpg\" alt=\"\" class=\"wp-image-26655\" srcset=\"https:\/\/elinformante.mx\/wp-content\/uploads\/2023\/05\/hace-5-1024x503.jpg 1024w, https:\/\/elinformante.mx\/wp-content\/uploads\/2023\/05\/hace-5-300x147.jpg 300w, https:\/\/elinformante.mx\/wp-content\/uploads\/2023\/05\/hace-5-768x377.jpg 768w, https:\/\/elinformante.mx\/wp-content\/uploads\/2023\/05\/hace-5-580x285.jpg 580w, https:\/\/elinformante.mx\/wp-content\/uploads\/2023\/05\/hace-5-860x422.jpg 860w, https:\/\/elinformante.mx\/wp-content\/uploads\/2023\/05\/hace-5.jpg 1140w\" sizes=\"(max-width: 1024px) 100vw, 1024px\" \/><\/figure>\n\n\n\n<p class=\"wp-block-paragraph\">Con base en las cifras registradas en la incidencia criminal, tambi\u00e9n incluye un ejercicio de autocr\u00edtica y concluye exponiendo una serie de objetivos y desaf\u00edos que deben afrontarse en los pr\u00f3ximos a\u00f1os.<br><\/p>\n\n\n\n<p class=\"wp-block-paragraph\">El Fiscal General de Justicia del Estado de M\u00e9xico destaca en este informe que su deber es con la sociedad que lo design\u00f3 en el cargo a trav\u00e9s de la legislatura, as\u00ed como al capital humano de la FGJEM y por ello expresa su compromiso de mejorar las condiciones de servicio de la Instituci\u00f3n.<br><\/p>\n\n\n\n<p class=\"wp-block-paragraph\">El Primer Informe de Gesti\u00f3n puede consultarse en la p\u00e1gina oficial de la Fiscal\u00eda General de Justicia del Estado de M\u00e9xico https:\/\/fgjem.edomex.gob.mx\/.<\/p>\n","protected":false},"excerpt":{"rendered":"<p>El Primer Informe de Gesti\u00f3n del Fiscal General expone las acciones realizadas, resultados obtenidos, reingenier\u00eda institucional, retos y objetivos de la FGJEM. Para dar cumplimiento a lo establecido en los art\u00edculos 83 Ter, p\u00e1rrafo octavo, de la Constituci\u00f3n Pol\u00edtica del Estado Libre y Soberano de M\u00e9xico; 25, fracci\u00f3n IV, y 27 de la Ley de [&hellip;]<\/p>\n","protected":false},"author":1,"featured_media":26653,"comment_status":"closed","ping_status":"closed","sticky":false,"template":"","format":"standard","meta":{"footnotes":""},"categories":[30,36],"tags":[],"class_list":["post-26652","post","type-post","status-publish","format-standard","has-post-thumbnail","hentry","category-destacado","category-edomex"],"_links":{"self":[{"href":"https:\/\/elinformante.mx\/index.php?rest_route=\/wp\/v2\/posts\/26652","targetHints":{"allow":["GET"]}}],"collection":[{"href":"https:\/\/elinformante.mx\/index.php?rest_route=\/wp\/v2\/posts"}],"about":[{"href":"https:\/\/elinformante.mx\/index.php?rest_route=\/wp\/v2\/types\/post"}],"author":[{"embeddable":true,"href":"https:\/\/elinformante.mx\/index.php?rest_route=\/wp\/v2\/users\/1"}],"replies":[{"embeddable":true,"href":"https:\/\/elinformante.mx\/index.php?rest_route=%2Fwp%2Fv2%2Fcomments&post=26652"}],"version-history":[{"count":0,"href":"https:\/\/elinformante.mx\/index.php?rest_route=\/wp\/v2\/posts\/26652\/revisions"}],"wp:featuredmedia":[{"embeddable":true,"href":"https:\/\/elinformante.mx\/index.php?rest_route=\/wp\/v2\/media\/26653"}],"wp:attachment":[{"href":"https:\/\/elinformante.mx\/index.php?rest_route=%2Fwp%2Fv2%2Fmedia&parent=26652"}],"wp:term":[{"taxonomy":"category","embeddable":true,"href":"https:\/\/elinformante.mx\/index.php?rest_route=%2Fwp%2Fv2%2Fcategories&post=26652"},{"taxonomy":"post_tag","embeddable":true,"href":"https:\/\/elinformante.mx\/index.php?rest_route=%2Fwp%2Fv2%2Ftags&post=26652"}],"curies":[{"name":"wp","href":"https:\/\/api.w.org\/{rel}","templated":true}]}}