{"id":26661,"date":"2023-05-18T14:00:06","date_gmt":"2023-05-18T14:00:06","guid":{"rendered":"https:\/\/elinformante.mx\/?p=26661"},"modified":"2023-05-18T14:00:07","modified_gmt":"2023-05-18T14:00:07","slug":"impulsa-uaemex-espiritu-emprendedor-entre-la-comunidad-estudiantil","status":"publish","type":"post","link":"https:\/\/elinformante.mx\/?p=26661","title":{"rendered":"Impulsa UAEM\u00e9x esp\u00edritu emprendedor entre la comunidad estudiantil"},"content":{"rendered":"\n<blockquote class=\"wp-block-quote is-layout-flow wp-block-quote-is-layout-flow\">\n<p class=\"wp-block-paragraph\">Estudiantes de nivel superior de la UAEM\u00e9x participaron en la actividad de Mercado Emprendedor 2023.<\/p>\n<\/blockquote>\n\n\n\n<p class=\"wp-block-paragraph\">Con el prop\u00f3sito de fomentar el emprendimiento entre estudiantes de nivel superior desde una perspectiva financiera y organizativa desde la que se puede analizar el comportamiento social, la Facultad de Ciencias de la Conducta (FACICO) de la Universidad Aut\u00f3noma del Estado de M\u00e9xico (UAEM\u00e9x) fue sede del Mercado Emprendedor 2023.<br><\/p>\n\n\n\n<p class=\"wp-block-paragraph\">Los universitarios contaron con espacios para poner en venta productos que crean, dise\u00f1an y producen.<br><\/p>\n\n\n\n<p class=\"wp-block-paragraph\">La directora de Desarrollo Empresarial de la UAEM\u00e9x, M\u00f3nica Cruz Hern\u00e1ndez, expuso -previo a inaugurar la actividad- que uno de los objetivos de la Aut\u00f3noma mexiquense es apuntalar en la formaci\u00f3n de sus estudiantes la cultura emprendedora para implementarlo durante \u00e9pocas de crisis y como una forma de contribuir al desarrollo econ\u00f3mico del pa\u00eds.<br><\/p>\n\n\n\n<p class=\"wp-block-paragraph\">\u201cUna de las grandes caracter\u00edsticas que debe poseer todo emprendedor es su capacidad de compromiso, de tener claro lo que implica tener la responsabilidad de hacerse cargo de una empresa, de no frenar los esfuerzos para crecer, de multiplicar posibilidades para buscar siempre la forma de cumplir las metas que se han trazado. Por ello, el emprendedor debe desarrollar cierta obstinaci\u00f3n para no cesar en su insistencia\u201d, indic\u00f3.<br><\/p>\n\n\n\n<figure class=\"wp-block-image size-large\"><img fetchpriority=\"high\" decoding=\"async\" width=\"1024\" height=\"503\" src=\"https:\/\/elinformante.mx\/wp-content\/uploads\/2023\/05\/IMPULSA-2-1024x503.jpg\" alt=\"\" class=\"wp-image-26663\" srcset=\"https:\/\/elinformante.mx\/wp-content\/uploads\/2023\/05\/IMPULSA-2-1024x503.jpg 1024w, https:\/\/elinformante.mx\/wp-content\/uploads\/2023\/05\/IMPULSA-2-300x147.jpg 300w, https:\/\/elinformante.mx\/wp-content\/uploads\/2023\/05\/IMPULSA-2-768x377.jpg 768w, https:\/\/elinformante.mx\/wp-content\/uploads\/2023\/05\/IMPULSA-2-580x285.jpg 580w, https:\/\/elinformante.mx\/wp-content\/uploads\/2023\/05\/IMPULSA-2-860x422.jpg 860w, https:\/\/elinformante.mx\/wp-content\/uploads\/2023\/05\/IMPULSA-2.jpg 1140w\" sizes=\"(max-width: 1024px) 100vw, 1024px\" \/><\/figure>\n\n\n\n<p class=\"wp-block-paragraph\">En su oportunidad, la directora de la FACICO, Gabriela Hern\u00e1ndez Vergara, dijo que con el Mercado Emprendedor se pretende fortalecer a la comunidad estudiantil para que pueda desarrollarse en el campo laboral, formando un alto sentido de responsabilidad, de humanismo y que los universitarios puedan ser creadores de sus propias oportunidades.<br><\/p>\n\n\n\n<p class=\"wp-block-paragraph\">\u201cLa Facultad de Ciencias de la Conducta asume el compromiso de formar universitarios con una visi\u00f3n emprendedora que les permita mejorar sus desempe\u00f1os en el contexto laboral y profesional\u201d, afirm\u00f3.<br><\/p>\n\n\n\n<p class=\"wp-block-paragraph\">Como parte de la ceremonia fue inaugurada en las instalaciones de la biblioteca de la FACICO, la exposici\u00f3n fotogr\u00e1fica \u201cTe permito observar\u201d, de la fot\u00f3grafa Eufrasia G\u00f3mez P\u00e9rez.<br><\/p>\n\n\n\n<p class=\"wp-block-paragraph\">Al acto inaugural acudieron la comunidad universitaria de FACICO, as\u00ed como el presidente del Consejo de C\u00e1maras y Asociaciones Empresariales del Estado de M\u00e9xico (CONCAEM), Gilberto Sauza Mart\u00ednez, y el vicepresidente de Innovaci\u00f3n de Coparmex nacional, Derik Vilchis Roa.<\/p>\n","protected":false},"excerpt":{"rendered":"<p>Estudiantes de nivel superior de la UAEM\u00e9x participaron en la actividad de Mercado Emprendedor 2023. Con el prop\u00f3sito de fomentar el emprendimiento entre estudiantes de nivel superior desde una perspectiva financiera y organizativa desde la que se puede analizar el comportamiento social, la Facultad de Ciencias de la Conducta (FACICO) de la Universidad Aut\u00f3noma del [&hellip;]<\/p>\n","protected":false},"author":1,"featured_media":26662,"comment_status":"closed","ping_status":"closed","sticky":false,"template":"","format":"standard","meta":{"footnotes":""},"categories":[30,36],"tags":[],"class_list":["post-26661","post","type-post","status-publish","format-standard","has-post-thumbnail","hentry","category-destacado","category-edomex"],"_links":{"self":[{"href":"https:\/\/elinformante.mx\/index.php?rest_route=\/wp\/v2\/posts\/26661","targetHints":{"allow":["GET"]}}],"collection":[{"href":"https:\/\/elinformante.mx\/index.php?rest_route=\/wp\/v2\/posts"}],"about":[{"href":"https:\/\/elinformante.mx\/index.php?rest_route=\/wp\/v2\/types\/post"}],"author":[{"embeddable":true,"href":"https:\/\/elinformante.mx\/index.php?rest_route=\/wp\/v2\/users\/1"}],"replies":[{"embeddable":true,"href":"https:\/\/elinformante.mx\/index.php?rest_route=%2Fwp%2Fv2%2Fcomments&post=26661"}],"version-history":[{"count":0,"href":"https:\/\/elinformante.mx\/index.php?rest_route=\/wp\/v2\/posts\/26661\/revisions"}],"wp:featuredmedia":[{"embeddable":true,"href":"https:\/\/elinformante.mx\/index.php?rest_route=\/wp\/v2\/media\/26662"}],"wp:attachment":[{"href":"https:\/\/elinformante.mx\/index.php?rest_route=%2Fwp%2Fv2%2Fmedia&parent=26661"}],"wp:term":[{"taxonomy":"category","embeddable":true,"href":"https:\/\/elinformante.mx\/index.php?rest_route=%2Fwp%2Fv2%2Fcategories&post=26661"},{"taxonomy":"post_tag","embeddable":true,"href":"https:\/\/elinformante.mx\/index.php?rest_route=%2Fwp%2Fv2%2Ftags&post=26661"}],"curies":[{"name":"wp","href":"https:\/\/api.w.org\/{rel}","templated":true}]}}