{"id":26675,"date":"2023-05-18T14:22:10","date_gmt":"2023-05-18T14:22:10","guid":{"rendered":"https:\/\/elinformante.mx\/?p=26675"},"modified":"2023-05-18T14:22:10","modified_gmt":"2023-05-18T14:22:10","slug":"checo-perez-y-los-pilotos-de-la-f1-piden-ayudar-a-poblacion-de-emilia-romagna-tras-inundaciones","status":"publish","type":"post","link":"https:\/\/elinformante.mx\/?p=26675","title":{"rendered":"Checo P\u00e9rez y los pilotos de la F1 piden ayudar a poblaci\u00f3n de Emilia-Romagna tras inundaciones"},"content":{"rendered":"\n<blockquote class=\"wp-block-quote is-layout-flow wp-block-quote-is-layout-flow\">\n<p>El piloto mexicano lament\u00f3 las inundaciones en al regi\u00f3n de Emilia-Romagna y pidi\u00f3 apoyo para la gente que ah\u00ed habita.<\/p>\n<\/blockquote>\n\n\n\n<p>Luego de que la F\u00f3rmula Uno y el gobierno de Italia anunciaran la cancelaci\u00f3n del Gran Premio de Emilia-Romagna por inundaciones en la regi\u00f3n, Checo P\u00e9rez y los pilotos de la categor\u00eda reina se han unido a la causa al solicitar donaciones y lanzar mensajes de solidaridad.<br><\/p>\n\n\n\n<p>Checo P\u00e9rez fue el primero en mandar un mensaje de solidaridad con Emilia-Romagna en sus redes sociales. \u201cTodos mis pensamientos y oraciones est\u00e1n con la gente en la regi\u00f3n Italiana de Emilia-Romagna. No correremos este fin de semana pero ojal\u00e1 podamos volver pronto. Por favor, mant\u00e9nganse a salvo\u201d.<br><\/p>\n\n\n\n<p>Por otro lado, su compa\u00f1ero y bicampe\u00f3n de la F\u00f3rmula Uno, Max Verstappen emiti\u00f3 un comunicado al se\u00f1alar que acatar\u00eda las decisiones de la organizaci\u00f3n. \u201cMis pensamientos est\u00e1n con todos aquellos afectados por las inundaciones. Les deseo mucha fuerza para garantizar su seguridad en estos momentos dif\u00edciles\u201d.<br><\/p>\n\n\n\n<figure class=\"wp-block-image size-large\"><img fetchpriority=\"high\" decoding=\"async\" width=\"1024\" height=\"503\" src=\"https:\/\/elinformante.mx\/wp-content\/uploads\/2023\/05\/CHECO-4-1024x503.jpg\" alt=\"\" class=\"wp-image-26677\" srcset=\"https:\/\/elinformante.mx\/wp-content\/uploads\/2023\/05\/CHECO-4-1024x503.jpg 1024w, https:\/\/elinformante.mx\/wp-content\/uploads\/2023\/05\/CHECO-4-300x147.jpg 300w, https:\/\/elinformante.mx\/wp-content\/uploads\/2023\/05\/CHECO-4-768x377.jpg 768w, https:\/\/elinformante.mx\/wp-content\/uploads\/2023\/05\/CHECO-4-580x285.jpg 580w, https:\/\/elinformante.mx\/wp-content\/uploads\/2023\/05\/CHECO-4-860x422.jpg 860w, https:\/\/elinformante.mx\/wp-content\/uploads\/2023\/05\/CHECO-4.jpg 1140w\" sizes=\"(max-width: 1024px) 100vw, 1024px\" \/><\/figure>\n\n\n\n<p>Del lado de la escuder\u00eda Mercedes, Lewis Hamilton escribi\u00f3 \u201cespero que en Emilia-Romagna se puedan cuidar los unos a los otros. Estamos con los afectados en esta tragedia y con los incre\u00edbles servicios de emergencia que est\u00e1n trabajando\u201d, adem\u00e1s de hacer hincapi\u00e9 en que \u201centendemos que la seguridad es primero. No puedo esperar para verlos en la siguiente carrera\u201d.<br><\/p>\n\n\n\n<p>Los que m\u00e1s se unieron a la causa fueron los pilotos y la escuder\u00eda de Ferrari, ya que son italianos. Charles Leclerc se\u00f1al\u00f3 \u201cfuerza y coraje en estos momentos, chicos\u201d junto con los n\u00fameros de cuentas del gobierno para realizar donaciones. Su compa\u00f1ero Carlos Sainz public\u00f3 el mensaje de \u201ctu ayuda es vital para los afectados de la emergencia\u201d.<br><\/p>\n\n\n\n<p>Mientras que AlphaTauri, quienes tienen su sede justamente en la regi\u00f3n de Faenza, Italia, promovieron los n\u00fameros de ayuda en sus redes sociales.<\/p>\n","protected":false},"excerpt":{"rendered":"<p>El piloto mexicano lament\u00f3 las inundaciones en al regi\u00f3n de Emilia-Romagna y pidi\u00f3 apoyo para la gente que ah\u00ed habita. Luego de que la F\u00f3rmula Uno y el gobierno de Italia anunciaran la cancelaci\u00f3n del Gran Premio de Emilia-Romagna por inundaciones en la regi\u00f3n, Checo P\u00e9rez y los pilotos de la categor\u00eda reina se han [&hellip;]<\/p>\n","protected":false},"author":1,"featured_media":26676,"comment_status":"closed","ping_status":"closed","sticky":false,"template":"","format":"standard","meta":{"footnotes":""},"categories":[38,30],"tags":[],"class_list":["post-26675","post","type-post","status-publish","format-standard","has-post-thumbnail","hentry","category-deportes","category-destacado"],"_links":{"self":[{"href":"https:\/\/elinformante.mx\/index.php?rest_route=\/wp\/v2\/posts\/26675","targetHints":{"allow":["GET"]}}],"collection":[{"href":"https:\/\/elinformante.mx\/index.php?rest_route=\/wp\/v2\/posts"}],"about":[{"href":"https:\/\/elinformante.mx\/index.php?rest_route=\/wp\/v2\/types\/post"}],"author":[{"embeddable":true,"href":"https:\/\/elinformante.mx\/index.php?rest_route=\/wp\/v2\/users\/1"}],"replies":[{"embeddable":true,"href":"https:\/\/elinformante.mx\/index.php?rest_route=%2Fwp%2Fv2%2Fcomments&post=26675"}],"version-history":[{"count":0,"href":"https:\/\/elinformante.mx\/index.php?rest_route=\/wp\/v2\/posts\/26675\/revisions"}],"wp:featuredmedia":[{"embeddable":true,"href":"https:\/\/elinformante.mx\/index.php?rest_route=\/wp\/v2\/media\/26676"}],"wp:attachment":[{"href":"https:\/\/elinformante.mx\/index.php?rest_route=%2Fwp%2Fv2%2Fmedia&parent=26675"}],"wp:term":[{"taxonomy":"category","embeddable":true,"href":"https:\/\/elinformante.mx\/index.php?rest_route=%2Fwp%2Fv2%2Fcategories&post=26675"},{"taxonomy":"post_tag","embeddable":true,"href":"https:\/\/elinformante.mx\/index.php?rest_route=%2Fwp%2Fv2%2Ftags&post=26675"}],"curies":[{"name":"wp","href":"https:\/\/api.w.org\/{rel}","templated":true}]}}