{"id":26722,"date":"2023-05-18T15:14:17","date_gmt":"2023-05-18T15:14:17","guid":{"rendered":"https:\/\/elinformante.mx\/?p=26722"},"modified":"2023-05-18T15:14:18","modified_gmt":"2023-05-18T15:14:18","slug":"delfina-gomez-si-acudira-al-segundo-debate-pide-respeto","status":"publish","type":"post","link":"https:\/\/elinformante.mx\/?p=26722","title":{"rendered":"Delfina G\u00f3mez s\u00ed acudir\u00e1 al segundo debate; pide respeto"},"content":{"rendered":"\n<blockquote class=\"wp-block-quote is-layout-flow wp-block-quote-is-layout-flow\">\n<p class=\"wp-block-paragraph\">La abanderada de la alianza \u2018Juntos Hacemos Historia en el Estado de M\u00e9xico\u2019 dijo estar lista para el segundo enfrentamiento contra Alejandra Del Moral.<\/p>\n<\/blockquote>\n\n\n\n<p class=\"wp-block-paragraph\">La candidata de \u2018Juntos Hacemos Historia en el Estado de M\u00e9xico\u2019 Delfina G\u00f3mez \u00c1lvarez neg\u00f3 que, su equipo de trabajo o ella hayan puesto condicionamientos para el segundo debate electoral que se realizar\u00e1 ma\u00f1ana 18 de mayo.<br><\/p>\n\n\n\n<p class=\"wp-block-paragraph\">Esto luego de que, se especulara que, Morena hab\u00eda solicitado que no se tocaran temas relacionados con el desempe\u00f1o de la candidata, como presidenta municipal de Texcoco.<br><\/p>\n\n\n\n<p class=\"wp-block-paragraph\">Durante una entrevista al finalizar el primer Foro por la Diversidad Sexual en el municipio de Nezahualc\u00f3yotl, asegur\u00f3 que lo \u00fanico que pidieron fue respeto.<br><\/p>\n\n\n\n<p class=\"wp-block-paragraph\">\u201cLo que se pidi\u00f3 fue respeto, ha habido muchos comentarios de que, si se pidi\u00f3 que no se hablara de un tema, nada, lo \u00fanico que se pidi\u00f3, lo sigo pidiendo y lo seguir\u00e9 pidiendo en todo, es el respeto\u201d, dijo.<br><\/p>\n\n\n\n<figure class=\"wp-block-image size-large\"><img fetchpriority=\"high\" decoding=\"async\" width=\"1024\" height=\"503\" src=\"https:\/\/elinformante.mx\/wp-content\/uploads\/2023\/05\/DELFINA-6-1024x503.jpg\" alt=\"\" class=\"wp-image-26724\" srcset=\"https:\/\/elinformante.mx\/wp-content\/uploads\/2023\/05\/DELFINA-6-1024x503.jpg 1024w, https:\/\/elinformante.mx\/wp-content\/uploads\/2023\/05\/DELFINA-6-300x147.jpg 300w, https:\/\/elinformante.mx\/wp-content\/uploads\/2023\/05\/DELFINA-6-768x377.jpg 768w, https:\/\/elinformante.mx\/wp-content\/uploads\/2023\/05\/DELFINA-6-580x285.jpg 580w, https:\/\/elinformante.mx\/wp-content\/uploads\/2023\/05\/DELFINA-6-860x422.jpg 860w, https:\/\/elinformante.mx\/wp-content\/uploads\/2023\/05\/DELFINA-6.jpg 1140w\" sizes=\"(max-width: 1024px) 100vw, 1024px\" \/><\/figure>\n\n\n\n<p class=\"wp-block-paragraph\">Agreg\u00f3 que, esta lista para el encuentro que se realizar\u00e1 en Toluca, rumbo a las elecciones del 4 de junio donde se definir\u00e1 quien ser\u00e1 la primera gobernadora de la entidad.<br><\/p>\n\n\n\n<p class=\"wp-block-paragraph\">\u201cYa estamos listos, el debate puede ser importante, pero lo m\u00e1s importante es escuchar a la gente y sobre todo nutrirse de lo que la gente necesita\u201d, agreg\u00f3.<br><\/p>\n\n\n\n<p class=\"wp-block-paragraph\">En su visita al segundo municipio m\u00e1s poblado del Estado de M\u00e9xico, se comprometi\u00f3 a modificar la constituci\u00f3n y las leyes secundarias para eliminar toda forma de discriminaci\u00f3n como la misoginia, la xenofobia y la segregaci\u00f3n racial hacia la poblaci\u00f3n, as\u00ed como la creaci\u00f3n de una fiscal\u00eda especializada en delitos por discriminaci\u00f3n.<br><\/p>\n\n\n\n<p class=\"wp-block-paragraph\">Ante un grupo de integrantes de la comunidad LGBTTIQ+ se comprometi\u00f3 garantizar los derechos a la elecci\u00f3n de g\u00e9nero y adelant\u00f3 que en su gobierno construir\u00e1 tres cl\u00ednicas \u201carco\u00edris\u201d en la zona metropolitana y Toluca para garantizar el acceso a la salud de este sector, que asciende a casi medio mill\u00f3n de personas en la entidad.<br><\/p>\n\n\n\n<p class=\"wp-block-paragraph\">\u201cTenemos como objetivo garantizar el derecho a la diversidad sexual y el apoyo a las comunidades LGBTTTIQ+ mediante la implementaci\u00f3n de pol\u00edticas p\u00fablicas inclusivas en el consejo su participaci\u00f3n\u201d, finaliz\u00f3.<\/p>\n","protected":false},"excerpt":{"rendered":"<p>La abanderada de la alianza \u2018Juntos Hacemos Historia en el Estado de M\u00e9xico\u2019 dijo estar lista para el segundo enfrentamiento contra Alejandra Del Moral. La candidata de \u2018Juntos Hacemos Historia en el Estado de M\u00e9xico\u2019 Delfina G\u00f3mez \u00c1lvarez neg\u00f3 que, su equipo de trabajo o ella hayan puesto condicionamientos para el segundo debate electoral que [&hellip;]<\/p>\n","protected":false},"author":1,"featured_media":26723,"comment_status":"closed","ping_status":"closed","sticky":false,"template":"","format":"standard","meta":{"footnotes":""},"categories":[36],"tags":[],"class_list":["post-26722","post","type-post","status-publish","format-standard","has-post-thumbnail","hentry","category-edomex"],"_links":{"self":[{"href":"https:\/\/elinformante.mx\/index.php?rest_route=\/wp\/v2\/posts\/26722","targetHints":{"allow":["GET"]}}],"collection":[{"href":"https:\/\/elinformante.mx\/index.php?rest_route=\/wp\/v2\/posts"}],"about":[{"href":"https:\/\/elinformante.mx\/index.php?rest_route=\/wp\/v2\/types\/post"}],"author":[{"embeddable":true,"href":"https:\/\/elinformante.mx\/index.php?rest_route=\/wp\/v2\/users\/1"}],"replies":[{"embeddable":true,"href":"https:\/\/elinformante.mx\/index.php?rest_route=%2Fwp%2Fv2%2Fcomments&post=26722"}],"version-history":[{"count":0,"href":"https:\/\/elinformante.mx\/index.php?rest_route=\/wp\/v2\/posts\/26722\/revisions"}],"wp:featuredmedia":[{"embeddable":true,"href":"https:\/\/elinformante.mx\/index.php?rest_route=\/wp\/v2\/media\/26723"}],"wp:attachment":[{"href":"https:\/\/elinformante.mx\/index.php?rest_route=%2Fwp%2Fv2%2Fmedia&parent=26722"}],"wp:term":[{"taxonomy":"category","embeddable":true,"href":"https:\/\/elinformante.mx\/index.php?rest_route=%2Fwp%2Fv2%2Fcategories&post=26722"},{"taxonomy":"post_tag","embeddable":true,"href":"https:\/\/elinformante.mx\/index.php?rest_route=%2Fwp%2Fv2%2Ftags&post=26722"}],"curies":[{"name":"wp","href":"https:\/\/api.w.org\/{rel}","templated":true}]}}