{"id":26765,"date":"2023-05-19T14:04:34","date_gmt":"2023-05-19T14:04:34","guid":{"rendered":"https:\/\/elinformante.mx\/?p=26765"},"modified":"2023-05-19T14:04:34","modified_gmt":"2023-05-19T14:04:34","slug":"cambio-climatico-causa-ecoansiedad-en-mexico-segun-encuesta","status":"publish","type":"post","link":"https:\/\/elinformante.mx\/?p=26765","title":{"rendered":"Cambio clim\u00e1tico causa ecoansiedad en M\u00e9xico, seg\u00fan encuesta"},"content":{"rendered":"\n<blockquote class=\"wp-block-quote is-layout-flow wp-block-quote-is-layout-flow\">\n<p class=\"wp-block-paragraph\">Algunas personas en el pa\u00eds no viven en paz y renuncian a proyectos a largo plazo, como tener hijos, por la situaci\u00f3n ambiental.<br><\/p>\n<\/blockquote>\n\n\n\n<p class=\"wp-block-paragraph\">El cambio clim\u00e1tico, la contaminaci\u00f3n y la p\u00e9rdida de biodiversidad causan ecoansiedad a algunas personas en M\u00e9xico, de acuerdo con el Bar\u00f3metro de la Transformaci\u00f3n Ecol\u00f3gica, encuesta realizada por la empresa Veolia y la consultora Elabe.<br><\/p>\n\n\n\n<p class=\"wp-block-paragraph\">Se entrevistaron en el pa\u00eds a mil tres personas mayores de 18 a\u00f1os del 25 de agosto al 12 de septiembre de 2022.<br><\/p>\n\n\n\n<p class=\"wp-block-paragraph\">Al consultarlas sobre c\u00f3mo describir\u00edan su situaci\u00f3n cuando piensan en el cambio clim\u00e1tico y el estado del medio ambiente en t\u00e9rminos de contaminaci\u00f3n y calidad de la biodiversidad, el 36 por ciento de los participantes dijo sentir inquietud y angustia por el futuro.<br><\/p>\n\n\n\n<p class=\"wp-block-paragraph\">Esas personas piensan a menudo en tales temas, lo que impide que vivan en paz e incluso las hace renunciar a proyectos a largo plazo, como tener hijos.<br><\/p>\n\n\n\n<p class=\"wp-block-paragraph\">A nivel mundial, la encuesta se aplic\u00f3 en 25 pa\u00edses de los cinco continentes. En cuanto a ecoansiedad, M\u00e9xico ocupa el cuarto nivel m\u00e1s alto por detr\u00e1s de India, Colombia y Chile.<br><\/p>\n\n\n\n<p class=\"wp-block-paragraph\">Seg\u00fan la Asociaci\u00f3n Americana de Psicolog\u00eda (APA, por sus siglas en ingl\u00e9s) y ecoAmerica, se trata del miedo cr\u00f3nico al desastre ambiental.<br><\/p>\n\n\n\n<p class=\"wp-block-paragraph\">Otro 58 por ciento de los encuestados en el pa\u00eds respondi\u00f3 estar preocupado por la situaci\u00f3n ambiental, pero eso no le impide vivir en paz ni realizar planes a largo plazo.<br><\/p>\n\n\n\n<p class=\"wp-block-paragraph\">Los asuntos que m\u00e1s inquietan en M\u00e9xico son la degradaci\u00f3n del ecosistema y la biodiversidad, as\u00ed como tener condiciones de vida cada vez m\u00e1s duras, seguidos por t\u00f3picos como enfermar debido a la contaminaci\u00f3n, da\u00f1os materiales causados por desastres y los movimientos migratorios provocados por la contaminaci\u00f3n.<br><\/p>\n\n\n\n<p class=\"wp-block-paragraph\">Adem\u00e1s, el 68 por ciento considera que debe cambiarse radicalmente el estilo de vida con medidas como disminuir considerablemente el consumo y vivir de manera m\u00e1s sobria, as\u00ed como desarrollar y aplicar tecnolog\u00edas orientadas a reducir la contaminaci\u00f3n y las consecuencias del cambio clim\u00e1tico.<br><\/p>\n\n\n\n<p class=\"wp-block-paragraph\">Las soluciones m\u00e1s aceptadas en M\u00e9xico resultaron ser: clasificar m\u00e1s exhaustivamente los residuos, adquirir productos de uso cotidiano fabricados a partir de materiales reciclados, comprar alimentos envasados con materiales reciclados, adquirir un coche u otro medio de transporte fabricado a partir de materiales reciclados, vivir en una zona geogr\u00e1fica con plantas de reciclaje y reducir el consumo de carne.<\/p>\n","protected":false},"excerpt":{"rendered":"<p>Algunas personas en el pa\u00eds no viven en paz y renuncian a proyectos a largo plazo, como tener hijos, por la situaci\u00f3n ambiental. El cambio clim\u00e1tico, la contaminaci\u00f3n y la p\u00e9rdida de biodiversidad causan ecoansiedad a algunas personas en M\u00e9xico, de acuerdo con el Bar\u00f3metro de la Transformaci\u00f3n Ecol\u00f3gica, encuesta realizada por la empresa Veolia [&hellip;]<\/p>\n","protected":false},"author":1,"featured_media":26766,"comment_status":"closed","ping_status":"closed","sticky":false,"template":"","format":"standard","meta":{"footnotes":""},"categories":[30,31],"tags":[],"class_list":["post-26765","post","type-post","status-publish","format-standard","has-post-thumbnail","hentry","category-destacado","category-portada"],"_links":{"self":[{"href":"https:\/\/elinformante.mx\/index.php?rest_route=\/wp\/v2\/posts\/26765","targetHints":{"allow":["GET"]}}],"collection":[{"href":"https:\/\/elinformante.mx\/index.php?rest_route=\/wp\/v2\/posts"}],"about":[{"href":"https:\/\/elinformante.mx\/index.php?rest_route=\/wp\/v2\/types\/post"}],"author":[{"embeddable":true,"href":"https:\/\/elinformante.mx\/index.php?rest_route=\/wp\/v2\/users\/1"}],"replies":[{"embeddable":true,"href":"https:\/\/elinformante.mx\/index.php?rest_route=%2Fwp%2Fv2%2Fcomments&post=26765"}],"version-history":[{"count":0,"href":"https:\/\/elinformante.mx\/index.php?rest_route=\/wp\/v2\/posts\/26765\/revisions"}],"wp:featuredmedia":[{"embeddable":true,"href":"https:\/\/elinformante.mx\/index.php?rest_route=\/wp\/v2\/media\/26766"}],"wp:attachment":[{"href":"https:\/\/elinformante.mx\/index.php?rest_route=%2Fwp%2Fv2%2Fmedia&parent=26765"}],"wp:term":[{"taxonomy":"category","embeddable":true,"href":"https:\/\/elinformante.mx\/index.php?rest_route=%2Fwp%2Fv2%2Fcategories&post=26765"},{"taxonomy":"post_tag","embeddable":true,"href":"https:\/\/elinformante.mx\/index.php?rest_route=%2Fwp%2Fv2%2Ftags&post=26765"}],"curies":[{"name":"wp","href":"https:\/\/api.w.org\/{rel}","templated":true}]}}