{"id":26768,"date":"2023-05-19T14:06:35","date_gmt":"2023-05-19T14:06:35","guid":{"rendered":"https:\/\/elinformante.mx\/?p=26768"},"modified":"2023-05-19T14:08:28","modified_gmt":"2023-05-19T14:08:28","slug":"en-segundo-debate-candidatas-se-declaran-ganadoras","status":"publish","type":"post","link":"https:\/\/elinformante.mx\/?p=26768","title":{"rendered":"En Segundo Debate: Candidatas se declaran ganadoras"},"content":{"rendered":"\n<blockquote class=\"wp-block-quote is-layout-flow wp-block-quote-is-layout-flow\">\n<p class=\"wp-block-paragraph\">El segundo debate de las candidatas a gobernadora del Estado de M\u00e9xico destac\u00f3 por su rigidez.<\/p>\n<\/blockquote>\n\n\n\n<p class=\"wp-block-paragraph\">Ambas, con sus equipos de trabajo, arropadas por sus seguidores, se consideraron ganadoras del segundo debate, realizado casi un mes despu\u00e9s del primer encuentro que tuvieron en el marco de la renovaci\u00f3n de la gubernatura, Alejandra del Moral Vela, candidata por la coalici\u00f3n Va Por el Edom\u00e9x, y Delfina G\u00f3mez \u00c1lvarez, contendiente por la alianza \u201cJuntos hacemos historia en el Estado de M\u00e9xico\u201d, se enfrentaron para dar a conocer algunas de sus propuestas.<br><\/p>\n\n\n\n<p class=\"wp-block-paragraph\">En la Sala de Consejo General del Instituto Electoral del Estado de M\u00e9xico (IEEM), abordaron cuatro temas: seguridad y justicia; econom\u00eda y empleo; educaci\u00f3n; medio ambiente y desarrollo sustentable.<br><\/p>\n\n\n\n<p class=\"wp-block-paragraph\">Desde el minuto tres del debate las candidatas abrieron sus cartas, delinearon la estrategia y la siguieron al pie de la letra.<br><\/p>\n\n\n\n<figure class=\"wp-block-image size-large\"><img fetchpriority=\"high\" decoding=\"async\" width=\"1024\" height=\"503\" src=\"https:\/\/elinformante.mx\/wp-content\/uploads\/2023\/05\/7-1024x503.jpg\" alt=\"\" class=\"wp-image-26770\" srcset=\"https:\/\/elinformante.mx\/wp-content\/uploads\/2023\/05\/7-1024x503.jpg 1024w, https:\/\/elinformante.mx\/wp-content\/uploads\/2023\/05\/7-300x147.jpg 300w, https:\/\/elinformante.mx\/wp-content\/uploads\/2023\/05\/7-768x377.jpg 768w, https:\/\/elinformante.mx\/wp-content\/uploads\/2023\/05\/7-580x285.jpg 580w, https:\/\/elinformante.mx\/wp-content\/uploads\/2023\/05\/7-860x422.jpg 860w, https:\/\/elinformante.mx\/wp-content\/uploads\/2023\/05\/7.jpg 1140w\" sizes=\"(max-width: 1024px) 100vw, 1024px\" \/><\/figure>\n\n\n\n<p class=\"wp-block-paragraph\">Delfina G\u00f3mez sali\u00f3 a defender la ventaja que le dan las encuestas, administr\u00f3 los n\u00fameros. Alejandra del Moral busc\u00f3 conectar el golpe que difuminara todos los pron\u00f3sticos demosc\u00f3picos de los \u00faltimos meses.<br><\/p>\n\n\n\n<p class=\"wp-block-paragraph\">Alejandra del Moral fue la que embisti\u00f3 primero. Advirti\u00f3 que Morena \u201ces el cambio que destruye\u201d y asegur\u00f3 que a ese partido y sus aliados \u201clos mueve el odio, el rencor\u201d.<br><\/p>\n\n\n\n<p class=\"wp-block-paragraph\">Luego abord\u00f3 el punto central del debate, de lo que se habla aqu\u00ed y all\u00e1, de los sondeos de opini\u00f3n: \u201cEllos quieren convencer con encuestas falsas, pero nosotros ya los alcanzamos. Y el caballo que alcanza, gana\u201d.<br><\/p>\n\n\n\n<figure class=\"wp-block-image size-large\"><img decoding=\"async\" width=\"1024\" height=\"503\" src=\"https:\/\/elinformante.mx\/wp-content\/uploads\/2023\/05\/2-1024x503.jpg\" alt=\"\" class=\"wp-image-26771\" srcset=\"https:\/\/elinformante.mx\/wp-content\/uploads\/2023\/05\/2-1024x503.jpg 1024w, https:\/\/elinformante.mx\/wp-content\/uploads\/2023\/05\/2-300x147.jpg 300w, https:\/\/elinformante.mx\/wp-content\/uploads\/2023\/05\/2-768x377.jpg 768w, https:\/\/elinformante.mx\/wp-content\/uploads\/2023\/05\/2-580x285.jpg 580w, https:\/\/elinformante.mx\/wp-content\/uploads\/2023\/05\/2-860x422.jpg 860w, https:\/\/elinformante.mx\/wp-content\/uploads\/2023\/05\/2.jpg 1140w\" sizes=\"(max-width: 1024px) 100vw, 1024px\" \/><\/figure>\n\n\n\n<p class=\"wp-block-paragraph\">Delfina G\u00f3mez no se enganch\u00f3. La morenista se apeg\u00f3 a su guion. Improvis\u00f3 poco. S\u00f3lo dijo que la priista y sus aliados \u201cest\u00e1n desesperados\u201d y que el 4 de junio \u201cles vamos a dar una lecci\u00f3n de dignidad\u201d.<br><\/p>\n\n\n\n<p class=\"wp-block-paragraph\">La maestra se guard\u00f3 las \u201calusiones personales\u201d hasta el final del debate: \u201cTe recuerdo que ya te gan\u00e9, que ya no tienes el apoyo de nadie y que no nos han ganado un solo punto en las encuestas\u201d.<br><\/p>\n\n\n\n<p class=\"wp-block-paragraph\">\u201c\u00a1No te enojes, Delfina! \u00a1Qu\u00e9 bueno que ya entraste en el debate! \u00a1Que no te mientan! \u00a1Ya perdiste una vez y vas a volver a perder!\u201d, revir\u00f3 Alejandra del Moral.<br><\/p>\n\n\n\n<figure class=\"wp-block-image size-large\"><img decoding=\"async\" width=\"1140\" height=\"560\" src=\"https:\/\/elinformante.mx\/wp-content\/uploads\/2023\/05\/3-1024x503.jpg\" alt=\"\" class=\"wp-image-26772\" srcset=\"https:\/\/elinformante.mx\/wp-content\/uploads\/2023\/05\/3-1024x503.jpg 1024w, https:\/\/elinformante.mx\/wp-content\/uploads\/2023\/05\/3-300x147.jpg 300w, https:\/\/elinformante.mx\/wp-content\/uploads\/2023\/05\/3-768x377.jpg 768w, https:\/\/elinformante.mx\/wp-content\/uploads\/2023\/05\/3-580x285.jpg 580w, https:\/\/elinformante.mx\/wp-content\/uploads\/2023\/05\/3-860x422.jpg 860w, https:\/\/elinformante.mx\/wp-content\/uploads\/2023\/05\/3.jpg 1140w\" sizes=\"(max-width: 1140px) 100vw, 1140px\" \/><\/figure>\n\n\n\n<p class=\"wp-block-paragraph\">Las candidatas cerraron como empezaron. Delfina machaca con aquello de acabar con casi cien a\u00f1os de gobiernos priistas en la entidad. Alejandra insiste en salir a las urnas y votar por quien tenga las mayores capacidades para gobernar una entidad como la mexiquense.<br><\/p>\n\n\n\n<p class=\"wp-block-paragraph\">Como primera declaraci\u00f3n, la abanderada por el PRI refiri\u00f3 que \u201csomos el cambio que construye hacia el futuro que quiere que a su familia le vaya bien\u201d.<br><\/p>\n\n\n\n<p class=\"wp-block-paragraph\">Por su parte, la candidata a la gubernatura por Morena, indic\u00f3 que durante su campa\u00f1a, ha \u201catendido y escuchado y ver con mucho amor a los mexiquenses\u201d.<\/p>\n","protected":false},"excerpt":{"rendered":"<p>El segundo debate de las candidatas a gobernadora del Estado de M\u00e9xico destac\u00f3 por su rigidez. Ambas, con sus equipos de trabajo, arropadas por sus seguidores, se consideraron ganadoras del segundo debate, realizado casi un mes despu\u00e9s del primer encuentro que tuvieron en el marco de la renovaci\u00f3n de la gubernatura, Alejandra del Moral Vela, [&hellip;]<\/p>\n","protected":false},"author":1,"featured_media":26769,"comment_status":"closed","ping_status":"closed","sticky":false,"template":"","format":"standard","meta":{"footnotes":""},"categories":[30,31],"tags":[],"class_list":["post-26768","post","type-post","status-publish","format-standard","has-post-thumbnail","hentry","category-destacado","category-portada"],"_links":{"self":[{"href":"https:\/\/elinformante.mx\/index.php?rest_route=\/wp\/v2\/posts\/26768","targetHints":{"allow":["GET"]}}],"collection":[{"href":"https:\/\/elinformante.mx\/index.php?rest_route=\/wp\/v2\/posts"}],"about":[{"href":"https:\/\/elinformante.mx\/index.php?rest_route=\/wp\/v2\/types\/post"}],"author":[{"embeddable":true,"href":"https:\/\/elinformante.mx\/index.php?rest_route=\/wp\/v2\/users\/1"}],"replies":[{"embeddable":true,"href":"https:\/\/elinformante.mx\/index.php?rest_route=%2Fwp%2Fv2%2Fcomments&post=26768"}],"version-history":[{"count":0,"href":"https:\/\/elinformante.mx\/index.php?rest_route=\/wp\/v2\/posts\/26768\/revisions"}],"wp:featuredmedia":[{"embeddable":true,"href":"https:\/\/elinformante.mx\/index.php?rest_route=\/wp\/v2\/media\/26769"}],"wp:attachment":[{"href":"https:\/\/elinformante.mx\/index.php?rest_route=%2Fwp%2Fv2%2Fmedia&parent=26768"}],"wp:term":[{"taxonomy":"category","embeddable":true,"href":"https:\/\/elinformante.mx\/index.php?rest_route=%2Fwp%2Fv2%2Fcategories&post=26768"},{"taxonomy":"post_tag","embeddable":true,"href":"https:\/\/elinformante.mx\/index.php?rest_route=%2Fwp%2Fv2%2Ftags&post=26768"}],"curies":[{"name":"wp","href":"https:\/\/api.w.org\/{rel}","templated":true}]}}