{"id":26781,"date":"2023-05-19T14:25:18","date_gmt":"2023-05-19T14:25:18","guid":{"rendered":"https:\/\/elinformante.mx\/?p=26781"},"modified":"2023-05-19T14:26:41","modified_gmt":"2023-05-19T14:26:41","slug":"damon-albarn-regresa-con-blur-yanuncia-nuevo-album-the-ballad-of-darren","status":"publish","type":"post","link":"https:\/\/elinformante.mx\/?p=26781","title":{"rendered":"Damon Albarn regresa con Blur y anuncia nuevo \u00e1lbum: \u201cThe Ballad of Darren\u201d"},"content":{"rendered":"\n<blockquote class=\"wp-block-quote is-layout-flow wp-block-quote-is-layout-flow\">\n<p class=\"wp-block-paragraph\">El cantante anunci\u00f3 que se tomar\u00e1 un descanso de Gorillaz y estrenar\u00e1 un nuevo \u00e1lbum con la banda Blur.<\/p>\n<\/blockquote>\n\n\n\n<p class=\"wp-block-paragraph\">Despu\u00e9s de ocho a\u00f1os de ausencia en la escena musical, Blur, la banda liderada por Damon Albarn, ha anunciado su esperado regreso con su nuevo \u00e1lbum \u2018The Ballad of Darren\u2019. Este \u00e1lbum marca su primer lanzamiento desde \u2018The Magic Whip\u2019 en 2015.<br><\/p>\n\n\n\n<p class=\"wp-block-paragraph\">Este \u00e1lbum viene acompa\u00f1ado de su primer sencillo titulado \u2018The Narcissist\u2019. La canci\u00f3n es una mezcla agridulce de emociones que devuelve a estas leyendas del britpop a los reflectores, generando gran expectativa entre sus seguidores.<br><\/p>\n\n\n\n<p class=\"wp-block-paragraph\">Hasta el momento, no hay muchos detalles sobre este nuevo \u00e1lbum, aparte de que estar\u00e1 disponible en venta y en plataformas digitales a partir del pr\u00f3ximo 21 de julio.<br><\/p>\n\n\n\n<p class=\"wp-block-paragraph\">Cabe destacar que ha sido grabado por la formaci\u00f3n original de la banda, que incluye a Damon Albarn, Graham Coxon, Alex James y Dave Rowntree.<br><\/p>\n\n\n\n<p class=\"wp-block-paragraph\">\u201cEste es un registro de r\u00e9plica, una reflexi\u00f3n y un comentario sobre d\u00f3nde nos encontramos ahora\u201d, dijo Damon Albarn en un comunicado de prensa, sobre su nuevo \u00e1lbum.<br><\/p>\n\n\n\n<p class=\"wp-block-paragraph\">Conformado por 10 temas, \u2018The Ballad of Darren\u2019 es el nuevo \u00e1lbum de Blur y ser\u00e1 lanzado a trav\u00e9s de Parlophone. Esta producci\u00f3n marca una etapa de transici\u00f3n para la banda, que ya ha dejado su huella en la historia de la m\u00fasica.<br><\/p>\n\n\n\n<p class=\"wp-block-paragraph\">\u201cCuanto m\u00e1s envejecemos y nos volvemos m\u00e1s locos, se vuelve m\u00e1s esencial que lo que toquemos est\u00e9 cargado de emoci\u00f3n y las intenciones correctas. A veces, solo un riff no hace el trabajo\u201d, dijo su guitarrista, Graham Coxon.<br><\/p>\n\n\n\n<p class=\"wp-block-paragraph\">Bajo la producci\u00f3n de James Ford y con las sesiones de grabaci\u00f3n llevadas a cabo en el Studio 13 en Londres, el noveno \u00e1lbum de Blur representa un viaje musical para la banda que ha marcado a una generaci\u00f3n dentro del g\u00e9nero del britpop con canciones ic\u00f3nicas como \u2018Song 2\u2019, \u2018Girls &amp; Boys\u2019 y \u2018Coffee &amp; TV\u2019.<br><\/p>\n\n\n\n<p class=\"wp-block-paragraph\">Seg\u00fan Alex James, miembro de la banda, \u201cpara que cualquier relaci\u00f3n a largo plazo tenga significado, es necesario sorprenderse mutuamente de alguna manera, y de alguna manera seguimos logr\u00e1ndolo\u201d.<br><\/p>\n\n\n\n<p class=\"wp-block-paragraph\">Blur es una banda de rock brit\u00e1nica formada en 1988 en Londres. Est\u00e1 compuesta por Damon Albarn en voz y teclados, Graham Coxon en guitarra y coros, Alex James en bajo y Dave Rowntree en bater\u00eda.<br><\/p>\n\n\n\n<p class=\"wp-block-paragraph\">Fueron una de las bandas m\u00e1s influyentes del movimiento britpop en la d\u00e9cada de 1990, junto con Oasis, Pulp y otros. Su estilo musical abarca diversos g\u00e9neros como el britpop, indie rock, rock alternativo y experimentaci\u00f3n sonora.<br><\/p>\n\n\n\n<p class=\"wp-block-paragraph\">La banda ha tenido per\u00edodos de separaci\u00f3n y reuniones a lo largo de su carrera, pero su legado en la m\u00fasica brit\u00e1nica perdura, ahora Damon Albarn puso en pausa su proyecto con Gorillaz, present\u00e1ndose por \u00faltima vez en el festival de m\u00fasica Coachella de este a\u00f1o para dar inicio a una nueva gira con Blur.<\/p>\n","protected":false},"excerpt":{"rendered":"<p>El cantante anunci\u00f3 que se tomar\u00e1 un descanso de Gorillaz y estrenar\u00e1 un nuevo \u00e1lbum con la banda Blur. Despu\u00e9s de ocho a\u00f1os de ausencia en la escena musical, Blur, la banda liderada por Damon Albarn, ha anunciado su esperado regreso con su nuevo \u00e1lbum \u2018The Ballad of Darren\u2019. Este \u00e1lbum marca su primer lanzamiento [&hellip;]<\/p>\n","protected":false},"author":1,"featured_media":26782,"comment_status":"closed","ping_status":"closed","sticky":false,"template":"","format":"standard","meta":{"footnotes":""},"categories":[39],"tags":[],"class_list":["post-26781","post","type-post","status-publish","format-standard","has-post-thumbnail","hentry","category-espectaculos"],"_links":{"self":[{"href":"https:\/\/elinformante.mx\/index.php?rest_route=\/wp\/v2\/posts\/26781","targetHints":{"allow":["GET"]}}],"collection":[{"href":"https:\/\/elinformante.mx\/index.php?rest_route=\/wp\/v2\/posts"}],"about":[{"href":"https:\/\/elinformante.mx\/index.php?rest_route=\/wp\/v2\/types\/post"}],"author":[{"embeddable":true,"href":"https:\/\/elinformante.mx\/index.php?rest_route=\/wp\/v2\/users\/1"}],"replies":[{"embeddable":true,"href":"https:\/\/elinformante.mx\/index.php?rest_route=%2Fwp%2Fv2%2Fcomments&post=26781"}],"version-history":[{"count":0,"href":"https:\/\/elinformante.mx\/index.php?rest_route=\/wp\/v2\/posts\/26781\/revisions"}],"wp:featuredmedia":[{"embeddable":true,"href":"https:\/\/elinformante.mx\/index.php?rest_route=\/wp\/v2\/media\/26782"}],"wp:attachment":[{"href":"https:\/\/elinformante.mx\/index.php?rest_route=%2Fwp%2Fv2%2Fmedia&parent=26781"}],"wp:term":[{"taxonomy":"category","embeddable":true,"href":"https:\/\/elinformante.mx\/index.php?rest_route=%2Fwp%2Fv2%2Fcategories&post=26781"},{"taxonomy":"post_tag","embeddable":true,"href":"https:\/\/elinformante.mx\/index.php?rest_route=%2Fwp%2Fv2%2Ftags&post=26781"}],"curies":[{"name":"wp","href":"https:\/\/api.w.org\/{rel}","templated":true}]}}