{"id":26785,"date":"2023-05-19T14:27:23","date_gmt":"2023-05-19T14:27:23","guid":{"rendered":"https:\/\/elinformante.mx\/?p=26785"},"modified":"2023-05-19T14:27:24","modified_gmt":"2023-05-19T14:27:24","slug":"palma-de-oro-honorifica-para-harrison-ford-en-estreno-de-indiana-jones-en-cannes","status":"publish","type":"post","link":"https:\/\/elinformante.mx\/?p=26785","title":{"rendered":"Palma de Oro honor\u00edfica para Harrison Ford en estreno de \u201cIndiana Jones\u201d en Cannes"},"content":{"rendered":"\n<blockquote class=\"wp-block-quote is-layout-flow wp-block-quote-is-layout-flow\">\n<p class=\"wp-block-paragraph\">El actor recibi\u00f3 este reconocimiento de manera sorpresiva antes del estreno de la proyecci\u00f3n del filme.<\/p>\n<\/blockquote>\n\n\n\n<p class=\"wp-block-paragraph\">Harrison Ford recibi\u00f3 este jueves una Palma de Oro honor\u00edfica, tras haber entusiasmado en la alfombre roja, aunque no llevaba su sombrero ni el l\u00e1tigo, en el estreno de \u201cIndiana Jones y el llamado del destino\u201d, uno de los momentos estelares de esta edici\u00f3n del certamen.<br><\/p>\n\n\n\n<p class=\"wp-block-paragraph\">Quince a\u00f1os despu\u00e9s del cuarto episodio de la saga, la estrella de Hollywood, de 80 a\u00f1os, volvi\u00f3 a la Croisette, esta vez bajo la direcci\u00f3n de James Mangold.<br><\/p>\n\n\n\n<p class=\"wp-block-paragraph\">Tanto Ford como Disney, que compr\u00f3 los derechos de la saga Indiana Jones, ya han asegurado que esta vez s\u00ed es la \u00faltima.<br><\/p>\n\n\n\n<p class=\"wp-block-paragraph\">El Festival de Cannes quiso homenajearlo de manera especial, y le entreg\u00f3 una Palma de Oro honor\u00edfica por sorpresa, justo antes de la proyecci\u00f3n del filme. Tom Cruise recibi\u00f3 el a\u00f1o pasado la misma distinci\u00f3n en el estreno de \u201cTop Gun: Maverick\u201d.<br><\/p>\n\n\n\n<p class=\"wp-block-paragraph\">Visiblemente conmovido, Ford, que ha encarnado a un sinf\u00edn de personajes superconocidos, de Han Solo en \u201cStar Wars\u201d a \u201cBlade Runner\u201d, dijo estar \u201cprofundamente emocionado\u201d por esta recompensa.<br><\/p>\n\n\n\n<p class=\"wp-block-paragraph\">A su paso por la alfombre roja, el actor, vestido con un traje oscuro y pajarita, acompa\u00f1ado por su esposa Calista Flockhart, caus\u00f3 furor entre el p\u00fablico, sobre todo cuando son\u00f3 la famosa m\u00fasica de la saga, compuesta por John Williams.<br><\/p>\n\n\n\n<p class=\"wp-block-paragraph\">Tambi\u00e9n estuvieron en el estreno otros miembros del elenco, como Phoebe Waller-Bridge, de la serie \u201cFleabag\u201d, o Mads Mikkelsen. Antonio Bandera, que tambi\u00e9n participa en el filme, no viaj\u00f3 a la Croisette.<br><\/p>\n\n\n\n<p class=\"wp-block-paragraph\">Entre otras personalidades que pudieron verse en la alfombra roja destacan el director brit\u00e1nico Steve McQueen, el rapero franc\u00e9s OrelSan o el cacique Raoni Metuktire, emblema de la lucha ind\u00edgena de Brasil.<br><\/p>\n\n\n\n<p class=\"wp-block-paragraph\">Los primeros cuatro episodios de la saga fueron dirigidos por Steven Spielberg, que en 2008 acudi\u00f3 a Cannes para la presentaci\u00f3n de \u201cIndiana Jones y el reino de la calavera de cristal\u201d<br><\/p>\n\n\n\n<p class=\"wp-block-paragraph\">La acci\u00f3n de este nuevo cap\u00edtulo transcurre a finales de los a\u00f1os 1960, pero los guionistas han incluido un \u201cflashback\u201d que ha requerido \u201crejuvenecer\u201d mediante inteligencia artificial el rostro de Ford durante varios minutos, una muestra m\u00e1s de los cambios que se avecinan en el campo audiovisual.<\/p>\n","protected":false},"excerpt":{"rendered":"<p>El actor recibi\u00f3 este reconocimiento de manera sorpresiva antes del estreno de la proyecci\u00f3n del filme. Harrison Ford recibi\u00f3 este jueves una Palma de Oro honor\u00edfica, tras haber entusiasmado en la alfombre roja, aunque no llevaba su sombrero ni el l\u00e1tigo, en el estreno de \u201cIndiana Jones y el llamado del destino\u201d, uno de los [&hellip;]<\/p>\n","protected":false},"author":1,"featured_media":26786,"comment_status":"closed","ping_status":"closed","sticky":false,"template":"","format":"standard","meta":{"footnotes":""},"categories":[30,39],"tags":[],"class_list":["post-26785","post","type-post","status-publish","format-standard","has-post-thumbnail","hentry","category-destacado","category-espectaculos"],"_links":{"self":[{"href":"https:\/\/elinformante.mx\/index.php?rest_route=\/wp\/v2\/posts\/26785","targetHints":{"allow":["GET"]}}],"collection":[{"href":"https:\/\/elinformante.mx\/index.php?rest_route=\/wp\/v2\/posts"}],"about":[{"href":"https:\/\/elinformante.mx\/index.php?rest_route=\/wp\/v2\/types\/post"}],"author":[{"embeddable":true,"href":"https:\/\/elinformante.mx\/index.php?rest_route=\/wp\/v2\/users\/1"}],"replies":[{"embeddable":true,"href":"https:\/\/elinformante.mx\/index.php?rest_route=%2Fwp%2Fv2%2Fcomments&post=26785"}],"version-history":[{"count":0,"href":"https:\/\/elinformante.mx\/index.php?rest_route=\/wp\/v2\/posts\/26785\/revisions"}],"wp:featuredmedia":[{"embeddable":true,"href":"https:\/\/elinformante.mx\/index.php?rest_route=\/wp\/v2\/media\/26786"}],"wp:attachment":[{"href":"https:\/\/elinformante.mx\/index.php?rest_route=%2Fwp%2Fv2%2Fmedia&parent=26785"}],"wp:term":[{"taxonomy":"category","embeddable":true,"href":"https:\/\/elinformante.mx\/index.php?rest_route=%2Fwp%2Fv2%2Fcategories&post=26785"},{"taxonomy":"post_tag","embeddable":true,"href":"https:\/\/elinformante.mx\/index.php?rest_route=%2Fwp%2Fv2%2Ftags&post=26785"}],"curies":[{"name":"wp","href":"https:\/\/api.w.org\/{rel}","templated":true}]}}