{"id":26796,"date":"2023-05-19T14:42:33","date_gmt":"2023-05-19T14:42:33","guid":{"rendered":"https:\/\/elinformante.mx\/?p=26796"},"modified":"2023-05-19T14:42:34","modified_gmt":"2023-05-19T14:42:34","slug":"comparte-ceavem-acciones-de-atencion-y-prevencion-de-violencia-familiar","status":"publish","type":"post","link":"https:\/\/elinformante.mx\/?p=26796","title":{"rendered":"Comparte CEAVEM acciones de atenci\u00f3n y prevenci\u00f3n de Violencia Familiar"},"content":{"rendered":"\n<blockquote class=\"wp-block-quote is-layout-flow wp-block-quote-is-layout-flow\">\n<p class=\"wp-block-paragraph\">Brinda conferencia sobre el Modelo Integral de Atenci\u00f3n a las V\u00edctimas de Violencia Familiar.<\/p>\n<\/blockquote>\n\n\n\n<p class=\"wp-block-paragraph\">La Comisi\u00f3n Ejecutiva de Atenci\u00f3n a V\u00edctimas del Estado de M\u00e9xico (CEAVEM), particip\u00f3 en el Tercer Congreso de Justicia Familiar, \u201cRetos del Derecho de Familia Contempor\u00e1nea\u201d, organizado por el Poder Judicial local.<br><\/p>\n\n\n\n<p class=\"wp-block-paragraph\">Durante la conferencia \u201cEl Modelo Integral de Atenci\u00f3n a las V\u00edctimas de Violencia Familiar\u201d, se compartieron con integrantes del Poder Judicial, especialistas y estudiantes de Derecho, acciones especializadas para atender a las familias mexiquenses.<br><\/p>\n\n\n\n<p class=\"wp-block-paragraph\">Se detall\u00f3 el modelo integral de atenci\u00f3n de la CEAVEM conformado por los ejes fundamentales: atenci\u00f3n m\u00e9dica y psicol\u00f3gica, trabajo social y acompa\u00f1amiento jur\u00eddico.<br><\/p>\n\n\n\n<p class=\"wp-block-paragraph\">Actualmente se tiene detectado que los grupos vulnerables como mujeres, adultos mayores, personas con discapacidad, as\u00ed como ni\u00f1as, ni\u00f1os y adolescentes son m\u00e1s susceptibles de violencia familiar.<br><\/p>\n\n\n\n<p class=\"wp-block-paragraph\">Se inform\u00f3 que, gracias al compromiso y al trabajo coordinado entre los poderes p\u00fablicos, se fortalece el acompa\u00f1amiento permanente y gratuito a quienes sufrieron la violaci\u00f3n de sus derechos a consecuencia del delito.<br><\/p>\n\n\n\n<p class=\"wp-block-paragraph\">Adem\u00e1s, se dieron a conocer las funciones que realizan las diferentes \u00e1reas de la Comisi\u00f3n, a trav\u00e9s de una estructura org\u00e1nica que ofrece acompa\u00f1amiento inmediato y medidas de asistencia para las y los mexiquenses que lo necesiten.<br><\/p>\n\n\n\n<p class=\"wp-block-paragraph\">La CEAVEM refrenda su compromiso de mantener canales de colaboraci\u00f3n e intercambio de conocimientos, para combatir actos que atenten contra los derechos de las personas.<\/p>\n","protected":false},"excerpt":{"rendered":"<p>Brinda conferencia sobre el Modelo Integral de Atenci\u00f3n a las V\u00edctimas de Violencia Familiar. La Comisi\u00f3n Ejecutiva de Atenci\u00f3n a V\u00edctimas del Estado de M\u00e9xico (CEAVEM), particip\u00f3 en el Tercer Congreso de Justicia Familiar, \u201cRetos del Derecho de Familia Contempor\u00e1nea\u201d, organizado por el Poder Judicial local. Durante la conferencia \u201cEl Modelo Integral de Atenci\u00f3n a [&hellip;]<\/p>\n","protected":false},"author":1,"featured_media":26797,"comment_status":"closed","ping_status":"closed","sticky":false,"template":"","format":"standard","meta":{"footnotes":""},"categories":[30,36],"tags":[],"class_list":["post-26796","post","type-post","status-publish","format-standard","has-post-thumbnail","hentry","category-destacado","category-edomex"],"_links":{"self":[{"href":"https:\/\/elinformante.mx\/index.php?rest_route=\/wp\/v2\/posts\/26796","targetHints":{"allow":["GET"]}}],"collection":[{"href":"https:\/\/elinformante.mx\/index.php?rest_route=\/wp\/v2\/posts"}],"about":[{"href":"https:\/\/elinformante.mx\/index.php?rest_route=\/wp\/v2\/types\/post"}],"author":[{"embeddable":true,"href":"https:\/\/elinformante.mx\/index.php?rest_route=\/wp\/v2\/users\/1"}],"replies":[{"embeddable":true,"href":"https:\/\/elinformante.mx\/index.php?rest_route=%2Fwp%2Fv2%2Fcomments&post=26796"}],"version-history":[{"count":0,"href":"https:\/\/elinformante.mx\/index.php?rest_route=\/wp\/v2\/posts\/26796\/revisions"}],"wp:featuredmedia":[{"embeddable":true,"href":"https:\/\/elinformante.mx\/index.php?rest_route=\/wp\/v2\/media\/26797"}],"wp:attachment":[{"href":"https:\/\/elinformante.mx\/index.php?rest_route=%2Fwp%2Fv2%2Fmedia&parent=26796"}],"wp:term":[{"taxonomy":"category","embeddable":true,"href":"https:\/\/elinformante.mx\/index.php?rest_route=%2Fwp%2Fv2%2Fcategories&post=26796"},{"taxonomy":"post_tag","embeddable":true,"href":"https:\/\/elinformante.mx\/index.php?rest_route=%2Fwp%2Fv2%2Ftags&post=26796"}],"curies":[{"name":"wp","href":"https:\/\/api.w.org\/{rel}","templated":true}]}}