{"id":26799,"date":"2023-05-19T14:44:23","date_gmt":"2023-05-19T14:44:23","guid":{"rendered":"https:\/\/elinformante.mx\/?p=26799"},"modified":"2023-05-19T14:44:23","modified_gmt":"2023-05-19T14:44:23","slug":"montanista-india-y-guia-nepali-mueren-en-el-everest","status":"publish","type":"post","link":"https:\/\/elinformante.mx\/?p=26799","title":{"rendered":"Monta\u00f1ista india y gu\u00eda nepal\u00ed mueren en el Everest"},"content":{"rendered":"\n<blockquote class=\"wp-block-quote is-layout-flow wp-block-quote-is-layout-flow\">\n<p class=\"wp-block-paragraph\">Suzanne Jesus muri\u00f3 en un hospital, quer\u00eda ser la primera persona de Asia con un marcapasos y de m\u00e1s edad en llegar a la cima del Everest.<\/p>\n<\/blockquote>\n\n\n\n<p class=\"wp-block-paragraph\">Una monta\u00f1ista india y un gu\u00eda nepal\u00ed murieron en el Everest. As\u00ed lo anunciaron el jueves los organizadores de su expedici\u00f3n, elevando a siete el n\u00famero de muertes tratando de llegar a la cima del mundo desde el comienzo de actual temporada de escalada.<br><\/p>\n\n\n\n<p class=\"wp-block-paragraph\">Suzanne Leopoldina Jesus, maestra india de 58 a\u00f1os, muri\u00f3 en un hospital de Lukla, donde, tras sufrir un ataque, fue trasladada desde el campamento base. Seg\u00fan el diario nepal\u00ed Himalayan Times, quer\u00eda ser la primera persona de Asia con un marcapasos y la india de m\u00e1s edad en llegar a la cima del Everest.<br><\/p>\n\n\n\n<p class=\"wp-block-paragraph\">Hab\u00eda recaudado fondos para financiar su ascenso bajo el lema \u00abExpedici\u00f3n Everest, a los 58 a\u00f1os y un marcapasos\u00bb.<br><\/p>\n\n\n\n<p class=\"wp-block-paragraph\">Por otra parte, un gu\u00eda nepal\u00e9s muri\u00f3 el martes al bajar de esta monta\u00f1a donde participaba en la campa\u00f1a anual de limpieza de las serranias del ej\u00e9rcito nepal\u00ed.<br><\/p>\n\n\n\n<p class=\"wp-block-paragraph\">En Nepal se encuentran ocho de los diez picos m\u00e1s altos del mundo, incluido el Everest, que alcanza los 8.849 metros de altitud. Y acoge a cientos de alpinistas cada temporada, cuando las temperaturas son m\u00e1s suaves y los vientos generalmente m\u00e1s d\u00e9biles.<br><\/p>\n\n\n\n<p class=\"wp-block-paragraph\">Un promedio de cinco escaladores mueren en el Everest cada temporada de monta\u00f1ismo.<\/p>\n","protected":false},"excerpt":{"rendered":"<p>Suzanne Jesus muri\u00f3 en un hospital, quer\u00eda ser la primera persona de Asia con un marcapasos y de m\u00e1s edad en llegar a la cima del Everest. Una monta\u00f1ista india y un gu\u00eda nepal\u00ed murieron en el Everest. As\u00ed lo anunciaron el jueves los organizadores de su expedici\u00f3n, elevando a siete el n\u00famero de muertes [&hellip;]<\/p>\n","protected":false},"author":1,"featured_media":26800,"comment_status":"closed","ping_status":"closed","sticky":false,"template":"","format":"standard","meta":{"footnotes":""},"categories":[38],"tags":[],"class_list":["post-26799","post","type-post","status-publish","format-standard","has-post-thumbnail","hentry","category-deportes"],"_links":{"self":[{"href":"https:\/\/elinformante.mx\/index.php?rest_route=\/wp\/v2\/posts\/26799","targetHints":{"allow":["GET"]}}],"collection":[{"href":"https:\/\/elinformante.mx\/index.php?rest_route=\/wp\/v2\/posts"}],"about":[{"href":"https:\/\/elinformante.mx\/index.php?rest_route=\/wp\/v2\/types\/post"}],"author":[{"embeddable":true,"href":"https:\/\/elinformante.mx\/index.php?rest_route=\/wp\/v2\/users\/1"}],"replies":[{"embeddable":true,"href":"https:\/\/elinformante.mx\/index.php?rest_route=%2Fwp%2Fv2%2Fcomments&post=26799"}],"version-history":[{"count":0,"href":"https:\/\/elinformante.mx\/index.php?rest_route=\/wp\/v2\/posts\/26799\/revisions"}],"wp:featuredmedia":[{"embeddable":true,"href":"https:\/\/elinformante.mx\/index.php?rest_route=\/wp\/v2\/media\/26800"}],"wp:attachment":[{"href":"https:\/\/elinformante.mx\/index.php?rest_route=%2Fwp%2Fv2%2Fmedia&parent=26799"}],"wp:term":[{"taxonomy":"category","embeddable":true,"href":"https:\/\/elinformante.mx\/index.php?rest_route=%2Fwp%2Fv2%2Fcategories&post=26799"},{"taxonomy":"post_tag","embeddable":true,"href":"https:\/\/elinformante.mx\/index.php?rest_route=%2Fwp%2Fv2%2Ftags&post=26799"}],"curies":[{"name":"wp","href":"https:\/\/api.w.org\/{rel}","templated":true}]}}