{"id":26808,"date":"2023-05-19T14:48:56","date_gmt":"2023-05-19T14:48:56","guid":{"rendered":"https:\/\/elinformante.mx\/?p=26808"},"modified":"2023-05-19T14:48:57","modified_gmt":"2023-05-19T14:48:57","slug":"por-homicidio-en-ecatepec-implicado-es-vinculado-a-proceso","status":"publish","type":"post","link":"https:\/\/elinformante.mx\/?p=26808","title":{"rendered":"Por homicidio en Ecatepec implicado es vinculado a proceso"},"content":{"rendered":"\n<blockquote class=\"wp-block-quote is-layout-flow wp-block-quote-is-layout-flow\">\n<p class=\"wp-block-paragraph\">De acuerdo con investigaciones de la FGJEM, el 15 de agosto de 2021 este sujeto habr\u00eda detonado un arma de fuego en contra de la v\u00edctima, ocasion\u00e1ndole la muerte.<\/p>\n<\/blockquote>\n\n\n\n<p class=\"wp-block-paragraph\">Daniel Alberto \u201cN\u201d fue vinculado a proceso, despu\u00e9s de que la Fiscal\u00eda General de Justicia del Estado de M\u00e9xico (FGJEM) acredit\u00f3 su probable participaci\u00f3n en el delito de homicidio calificado en agravio de un hombre.<br><\/p>\n\n\n\n<p class=\"wp-block-paragraph\">De acuerdo con las pesquisas realizadas por esta Instituci\u00f3n se precis\u00f3 que el d\u00eda 15 de agosto de 2021, la v\u00edctima se encontraba al interior de un local de venta de alimentos ubicado en la calle Sur 16, de la colonia San Agust\u00edn, Tercera Secci\u00f3n del municipio de Ecatepec, lugar al que arrib\u00f3 el ahora detenido, quien le habr\u00eda disparado con un arma de fuego, ocasion\u00e1ndole la muerte.<br><\/p>\n\n\n\n<p class=\"wp-block-paragraph\">La Fiscal\u00eda estatal dio inicio a una investigaci\u00f3n derivado del homicidio, adem\u00e1s fueron llevadas a cabo diversas diligencias que permitieron identificar a Daniel Alberto \u201cN\u201d como el posible responsable del hecho, por ello fue solicitada a la Autoridad Judicial librar orden de aprehensi\u00f3n en su contra.<br><\/p>\n\n\n\n<p class=\"wp-block-paragraph\">Este sujeto fue detenido e ingresado al Centro Penitenciario y de Reinserci\u00f3n Social de Ecatepec, a disposici\u00f3n de un Juez, quien, tras revisar los datos de prueba recabados y aportados por esta Representaci\u00f3n Social, determin\u00f3 iniciarle proceso legal, con plazo de dos meses para el cierre de investigaci\u00f3n complementaria y medida cautelar de prisi\u00f3n preventiva.<br><\/p>\n\n\n\n<p class=\"wp-block-paragraph\">Al detenido se le debe considerar inocente hasta que sea dictada una sentencia condenatoria en su contra.<\/p>\n","protected":false},"excerpt":{"rendered":"<p>De acuerdo con investigaciones de la FGJEM, el 15 de agosto de 2021 este sujeto habr\u00eda detonado un arma de fuego en contra de la v\u00edctima, ocasion\u00e1ndole la muerte. Daniel Alberto \u201cN\u201d fue vinculado a proceso, despu\u00e9s de que la Fiscal\u00eda General de Justicia del Estado de M\u00e9xico (FGJEM) acredit\u00f3 su probable participaci\u00f3n en el [&hellip;]<\/p>\n","protected":false},"author":1,"featured_media":26809,"comment_status":"closed","ping_status":"closed","sticky":false,"template":"","format":"standard","meta":{"footnotes":""},"categories":[36,37],"tags":[],"class_list":["post-26808","post","type-post","status-publish","format-standard","has-post-thumbnail","hentry","category-edomex","category-justicia"],"_links":{"self":[{"href":"https:\/\/elinformante.mx\/index.php?rest_route=\/wp\/v2\/posts\/26808","targetHints":{"allow":["GET"]}}],"collection":[{"href":"https:\/\/elinformante.mx\/index.php?rest_route=\/wp\/v2\/posts"}],"about":[{"href":"https:\/\/elinformante.mx\/index.php?rest_route=\/wp\/v2\/types\/post"}],"author":[{"embeddable":true,"href":"https:\/\/elinformante.mx\/index.php?rest_route=\/wp\/v2\/users\/1"}],"replies":[{"embeddable":true,"href":"https:\/\/elinformante.mx\/index.php?rest_route=%2Fwp%2Fv2%2Fcomments&post=26808"}],"version-history":[{"count":0,"href":"https:\/\/elinformante.mx\/index.php?rest_route=\/wp\/v2\/posts\/26808\/revisions"}],"wp:featuredmedia":[{"embeddable":true,"href":"https:\/\/elinformante.mx\/index.php?rest_route=\/wp\/v2\/media\/26809"}],"wp:attachment":[{"href":"https:\/\/elinformante.mx\/index.php?rest_route=%2Fwp%2Fv2%2Fmedia&parent=26808"}],"wp:term":[{"taxonomy":"category","embeddable":true,"href":"https:\/\/elinformante.mx\/index.php?rest_route=%2Fwp%2Fv2%2Fcategories&post=26808"},{"taxonomy":"post_tag","embeddable":true,"href":"https:\/\/elinformante.mx\/index.php?rest_route=%2Fwp%2Fv2%2Ftags&post=26808"}],"curies":[{"name":"wp","href":"https:\/\/api.w.org\/{rel}","templated":true}]}}