{"id":26811,"date":"2023-05-19T14:49:54","date_gmt":"2023-05-19T14:49:54","guid":{"rendered":"https:\/\/elinformante.mx\/?p=26811"},"modified":"2023-05-19T14:49:55","modified_gmt":"2023-05-19T14:49:55","slug":"sentencian-a-140-anos-de-prision-a-nueve-sujetos-acusados-de-secuestro-en-el-valle-de-toluca","status":"publish","type":"post","link":"https:\/\/elinformante.mx\/?p=26811","title":{"rendered":"Sentencian a 140 a\u00f1os de prisi\u00f3n a nueve sujetos acusados de secuestro en el Valle de Toluca"},"content":{"rendered":"\n<blockquote class=\"wp-block-quote is-layout-flow wp-block-quote-is-layout-flow\">\n<p class=\"wp-block-paragraph\">Estos sujetos conformaban una c\u00e9lula delictiva vinculada a una organizaci\u00f3n criminal con or\u00edgenes en el estado de Michoac\u00e1n.<\/p>\n<\/blockquote>\n\n\n\n<p class=\"wp-block-paragraph\">La Fiscal\u00eda General de Justicia del Estado de M\u00e9xico (FGJEM) acredit\u00f3 la participaci\u00f3n de nueve individuos en el secuestro de dos personas en el Valle de Toluca, por lo que fueron condenados, cada uno de ellos, a 140 a\u00f1os de prisi\u00f3n. Los sentenciados conformaban una c\u00e9lula delictiva autodenominada \u201cLos Marcelinos\u201d vinculada a una organizaci\u00f3n criminal con or\u00edgenes en el estado de Michoac\u00e1n, que operaba en los municipios de Toluca, San Mateo Atenco, Mexicaltzingo, Santiago Tianguistenco, Chapultepec y Ocoyoacac.<br><\/p>\n\n\n\n<p class=\"wp-block-paragraph\">Con las pruebas aportadas por esta Representaci\u00f3n Social, la Autoridad Judicial con sede en Almoloya de Ju\u00e1rez dict\u00f3 esta condena para Mario G\u00f3mez Espino, Gustavo Palomares Pulido, Daniel Del Valle Miranda, Carlos Meza Izquierdo, Alfredo Boni Palomares Jim\u00e9nez, Edwin Iv\u00e1n Ochoa Hern\u00e1ndez, Sixto Palomares Dia, Edher Isa\u00ed Palomares Jim\u00e9nez y Marcelino Andrea De Ortega, adem\u00e1s deber\u00e1n pagar multas de 1 mill\u00f3n 075 mil 440 pesos y la cantidad de 53 mil 752 pesos como reparaci\u00f3n del da\u00f1o moral.<br><\/p>\n\n\n\n<p class=\"wp-block-paragraph\">Estas nueve personas fueron detenidas en el mes de abril de 2021 por elementos de la Polic\u00eda de Investigaci\u00f3n (PDI) derivado de una investigaci\u00f3n iniciada por la FGJEM por el secuestro de un hombre de 72 a\u00f1os, quien hab\u00eda sido secuestrado el 11 de abril de ese a\u00f1o.<br><\/p>\n\n\n\n<p class=\"wp-block-paragraph\">De acuerdo con las investigaciones ese d\u00eda la v\u00edctima se encontraba en su negocio ubicado en la localidad de Cacalomacan, a donde arribaron cuatro sujetos, quienes lo sometieron y llevaron por la fuerza. Con el avance en la indagatoria por parte de personal de esta Instituci\u00f3n se pudo establecer que ese secuestro lo habr\u00edan perpetrado integrantes de un grupo delictivo autodenominado \u201cLos Marcelinos\u201d, adem\u00e1s identific\u00f3 dos veh\u00edculos utilizados para llevar a cabo esta acci\u00f3n.<br><\/p>\n\n\n\n<p class=\"wp-block-paragraph\">Con esos datos, elementos de la Fiscal\u00eda estatal realizaron un operativo en el municipio de Capulhuac, donde ubicaron un autom\u00f3vil tipo Versa, con las mismas caracter\u00edsticas del veh\u00edculo utilizado por este grupo delictivo, por ello le dieron seguimiento hasta una vivienda ubicada en la calle La Gloria, en la cabecera municipal.<br><\/p>\n\n\n\n<p class=\"wp-block-paragraph\">Afuera del sitio de igual forma fue encontrada una camioneta marca Chevrolet, tipo Pick up, color amarillo, con placas de circulaci\u00f3n del estado de Guerrero, as\u00ed como una camioneta Mazda, con insignias de una supuesta empresa constructora.<br><\/p>\n\n\n\n<p class=\"wp-block-paragraph\">Ante el peligro en que podr\u00eda encontrarse la v\u00edctima, Polic\u00edas de Investigaci\u00f3n de la FGJEM realizaron una incursi\u00f3n en el inmueble, y en una de las habitaciones fue encontrado el hombre de 72 a\u00f1os.<br><\/p>\n\n\n\n<p class=\"wp-block-paragraph\">Dentro de la camioneta Mazda, recostada en los asientos, fue hallada una mujer, quien de igual manera estaba atada de manos y cubierta de los ojos, esta persona refiri\u00f3 haber sido secuestrada en la comunidad de Tlacomulco, en el municipio de Santiago Tianguistenco, el 16 de abril de ese a\u00f1o.<br><\/p>\n\n\n\n<p class=\"wp-block-paragraph\">Por estos hechos fueron detenidas las personas referidas y presentadas ante el Agente del Ministerio P\u00fablico y luego ingresadas al Centro Penitenciario y de Reinserci\u00f3n Social de Santiaguito, en Almoloya de Ju\u00e1rez, donde el \u00d3rgano Jurisdiccional, tras proceso legal, les dict\u00f3 esta sentencia de condena de 140 a\u00f1os para cada uno.<\/p>\n","protected":false},"excerpt":{"rendered":"<p>Estos sujetos conformaban una c\u00e9lula delictiva vinculada a una organizaci\u00f3n criminal con or\u00edgenes en el estado de Michoac\u00e1n. La Fiscal\u00eda General de Justicia del Estado de M\u00e9xico (FGJEM) acredit\u00f3 la participaci\u00f3n de nueve individuos en el secuestro de dos personas en el Valle de Toluca, por lo que fueron condenados, cada uno de ellos, a [&hellip;]<\/p>\n","protected":false},"author":1,"featured_media":26812,"comment_status":"closed","ping_status":"closed","sticky":false,"template":"","format":"standard","meta":{"footnotes":""},"categories":[36,37],"tags":[],"class_list":["post-26811","post","type-post","status-publish","format-standard","has-post-thumbnail","hentry","category-edomex","category-justicia"],"_links":{"self":[{"href":"https:\/\/elinformante.mx\/index.php?rest_route=\/wp\/v2\/posts\/26811","targetHints":{"allow":["GET"]}}],"collection":[{"href":"https:\/\/elinformante.mx\/index.php?rest_route=\/wp\/v2\/posts"}],"about":[{"href":"https:\/\/elinformante.mx\/index.php?rest_route=\/wp\/v2\/types\/post"}],"author":[{"embeddable":true,"href":"https:\/\/elinformante.mx\/index.php?rest_route=\/wp\/v2\/users\/1"}],"replies":[{"embeddable":true,"href":"https:\/\/elinformante.mx\/index.php?rest_route=%2Fwp%2Fv2%2Fcomments&post=26811"}],"version-history":[{"count":0,"href":"https:\/\/elinformante.mx\/index.php?rest_route=\/wp\/v2\/posts\/26811\/revisions"}],"wp:featuredmedia":[{"embeddable":true,"href":"https:\/\/elinformante.mx\/index.php?rest_route=\/wp\/v2\/media\/26812"}],"wp:attachment":[{"href":"https:\/\/elinformante.mx\/index.php?rest_route=%2Fwp%2Fv2%2Fmedia&parent=26811"}],"wp:term":[{"taxonomy":"category","embeddable":true,"href":"https:\/\/elinformante.mx\/index.php?rest_route=%2Fwp%2Fv2%2Fcategories&post=26811"},{"taxonomy":"post_tag","embeddable":true,"href":"https:\/\/elinformante.mx\/index.php?rest_route=%2Fwp%2Fv2%2Ftags&post=26811"}],"curies":[{"name":"wp","href":"https:\/\/api.w.org\/{rel}","templated":true}]}}