{"id":26814,"date":"2023-05-19T14:50:53","date_gmt":"2023-05-19T14:50:53","guid":{"rendered":"https:\/\/elinformante.mx\/?p=26814"},"modified":"2023-05-19T14:50:53","modified_gmt":"2023-05-19T14:50:53","slug":"por-maltrato-animal-vinculan-a-proceso-a-sujeto","status":"publish","type":"post","link":"https:\/\/elinformante.mx\/?p=26814","title":{"rendered":"Por maltrato animal, vinculan a proceso a sujeto"},"content":{"rendered":"\n<blockquote class=\"wp-block-quote is-layout-flow wp-block-quote-is-layout-flow\">\n<p class=\"wp-block-paragraph\">El detenido habr\u00eda atacado con un machete a dos caninos, esto en el paraje Tierra Blanca de Temascalcingo, el pasado 8 de abril.<\/p>\n<\/blockquote>\n\n\n\n<p class=\"wp-block-paragraph\">Un individuo identificado como C\u00e9sar \u201cN\u201d fue vinculado a proceso, luego de que esta Fiscal\u00eda General de Justicia estatal (FGJEM) acredit\u00f3 su probable participaci\u00f3n en el delito de maltrato animal ya que habr\u00eda atacado con un machete a dos caninos.<br><\/p>\n\n\n\n<p class=\"wp-block-paragraph\">Luego de revisar los datos de prueba recabados y aportados por el Agente del Ministerio P\u00fablico, la Autoridad Judicial con sede en El Oro determin\u00f3 vincularlo a proceso, estableci\u00f3 plazo de dos meses para el cierre de investigaci\u00f3n complementaria y medida cautelar consistente en presentaci\u00f3n peri\u00f3dica en el Centro Estatal de Medidas Cautelares (CEMECA).<br><\/p>\n\n\n\n<p class=\"wp-block-paragraph\">Los hechos que se le imputan a este sujeto fueron perpetrados el 8 de abril pasado, en el paraje Tierra Roja, de la localidad referida, donde el ahora detenido se percat\u00f3 que dos caninos peleaban, a los cuales habr\u00eda atacado con un machete que llevaba, caus\u00e1ndoles diversas lesiones de gravedad.<br><\/p>\n\n\n\n<p class=\"wp-block-paragraph\">De esta agresi\u00f3n se percataron los due\u00f1os de las mascotas, quienes intentaron impedir esta acci\u00f3n, sin embargo, fueron amenazados por este individuo.<br><\/p>\n\n\n\n<p class=\"wp-block-paragraph\">Las personas agraviadas denunciaron los hechos ante la FGJEM por lo que fue iniciada la indagatoria correspondiente y recabados elementos de prueba, los cuales fueron aportados ante la Autoridad Judicial, quien otorg\u00f3 librar orden de aprehensi\u00f3n contra el posible implicado.<br><\/p>\n\n\n\n<p class=\"wp-block-paragraph\">Hace unos d\u00edas, elementos de esta Instituci\u00f3n cumplimentaron este mandamiento judicial contra C\u00e9sar \u201cN\u201d, su detenci\u00f3n fue realizada mediante cateo efectuado en un inmueble del Barrio La Caba\u00f1a, de la localidad San Mateo El Viejo, en el municipio de Temascalcingo.<br><\/p>\n\n\n\n<p class=\"wp-block-paragraph\">Tras ser aprehendido fue ingresado al Centro Penitenciario y de Reinserci\u00f3n Social de El Oro, a disposici\u00f3n de la Autoridad Judicial. Al detenido se le debe considerar inocente hasta que sea dictada una sentencia condenatoria en su contra.<\/p>\n","protected":false},"excerpt":{"rendered":"<p>El detenido habr\u00eda atacado con un machete a dos caninos, esto en el paraje Tierra Blanca de Temascalcingo, el pasado 8 de abril. Un individuo identificado como C\u00e9sar \u201cN\u201d fue vinculado a proceso, luego de que esta Fiscal\u00eda General de Justicia estatal (FGJEM) acredit\u00f3 su probable participaci\u00f3n en el delito de maltrato animal ya que [&hellip;]<\/p>\n","protected":false},"author":1,"featured_media":26815,"comment_status":"closed","ping_status":"closed","sticky":false,"template":"","format":"standard","meta":{"footnotes":""},"categories":[36,37],"tags":[],"class_list":["post-26814","post","type-post","status-publish","format-standard","has-post-thumbnail","hentry","category-edomex","category-justicia"],"_links":{"self":[{"href":"https:\/\/elinformante.mx\/index.php?rest_route=\/wp\/v2\/posts\/26814","targetHints":{"allow":["GET"]}}],"collection":[{"href":"https:\/\/elinformante.mx\/index.php?rest_route=\/wp\/v2\/posts"}],"about":[{"href":"https:\/\/elinformante.mx\/index.php?rest_route=\/wp\/v2\/types\/post"}],"author":[{"embeddable":true,"href":"https:\/\/elinformante.mx\/index.php?rest_route=\/wp\/v2\/users\/1"}],"replies":[{"embeddable":true,"href":"https:\/\/elinformante.mx\/index.php?rest_route=%2Fwp%2Fv2%2Fcomments&post=26814"}],"version-history":[{"count":0,"href":"https:\/\/elinformante.mx\/index.php?rest_route=\/wp\/v2\/posts\/26814\/revisions"}],"wp:featuredmedia":[{"embeddable":true,"href":"https:\/\/elinformante.mx\/index.php?rest_route=\/wp\/v2\/media\/26815"}],"wp:attachment":[{"href":"https:\/\/elinformante.mx\/index.php?rest_route=%2Fwp%2Fv2%2Fmedia&parent=26814"}],"wp:term":[{"taxonomy":"category","embeddable":true,"href":"https:\/\/elinformante.mx\/index.php?rest_route=%2Fwp%2Fv2%2Fcategories&post=26814"},{"taxonomy":"post_tag","embeddable":true,"href":"https:\/\/elinformante.mx\/index.php?rest_route=%2Fwp%2Fv2%2Ftags&post=26814"}],"curies":[{"name":"wp","href":"https:\/\/api.w.org\/{rel}","templated":true}]}}