{"id":26817,"date":"2023-05-19T14:56:05","date_gmt":"2023-05-19T14:56:05","guid":{"rendered":"https:\/\/elinformante.mx\/?p=26817"},"modified":"2023-05-19T14:56:06","modified_gmt":"2023-05-19T14:56:06","slug":"capacitan-a-titulares-de-instancias-municipales-de-la-mujer","status":"publish","type":"post","link":"https:\/\/elinformante.mx\/?p=26817","title":{"rendered":"Capacitan a titulares de instancias municipales de la mujer"},"content":{"rendered":"\n<blockquote class=\"wp-block-quote is-layout-flow wp-block-quote-is-layout-flow\">\n<p class=\"wp-block-paragraph\">Realizan tercera Reuni\u00f3n de Trabajo con las responsables de las Instancias Municipales de la Mujer, Regi\u00f3n Nezahualc\u00f3yotl.<\/p>\n<\/blockquote>\n\n\n\n<p class=\"wp-block-paragraph\">Con el objetivo de atender los distintos problemas que viven ni\u00f1as, adolescentes y mujeres, se capacit\u00f3 a las titulares de las Instancias Municipales de la Mujer (IMM), Regi\u00f3n Nezahualc\u00f3yotl, a fin de dar seguimiento a las acciones que se realizan en los municipios en beneficio de este sector.<br><\/p>\n\n\n\n<p class=\"wp-block-paragraph\">Durante la capacitaci\u00f3n, encabezada por la Directora General de Perspectiva de G\u00e9nero, y en presencia de las IMM de los municipios de Papalotla, Acolman, Chiautla, San Mart\u00edn de las Pir\u00e1mides, Teotihuac\u00e1n y Tepetlaoxtoc, se explic\u00f3 que la perspectiva de g\u00e9nero sirve para observar la forma en c\u00f3mo se relacionan mujeres y hombres en la sociedad.<br><\/p>\n\n\n\n<p class=\"wp-block-paragraph\">Adem\u00e1s de cuestionar dichas relaciones desde aspectos como el reconocimiento de una distribuci\u00f3n desigual de poder entre mujeres y hombres, la valoraci\u00f3n del trabajo de las mujeres, su aporte a la formaci\u00f3n del ingreso y el patrimonio familiares, as\u00ed como el impacto diferenciado que las pol\u00edticas p\u00fablicas tienen sobre mujeres y hombres.<br><\/p>\n\n\n\n<p class=\"wp-block-paragraph\">Lo anterior, a fin de integrar el enfoque de perspectiva de g\u00e9nero en los procesos administrativos relacionados al dise\u00f1o, implementaci\u00f3n y evaluaci\u00f3n de los recursos p\u00fablicos y, con ello, garantizar acciones encaminadas a la igualdad sustantiva.<br><\/p>\n\n\n\n<p class=\"wp-block-paragraph\">En esta capacitaci\u00f3n se enfatiz\u00f3 que el presupuesto no es neutral al g\u00e9nero, ya que tiene un impacto diferenciado en mujeres y hombres debido al acceso desigual a las oportunidades econ\u00f3micas, pol\u00edticas, sociales y culturales en la sociedad; es un indicador del compromiso de un Gobierno con la igualdad de g\u00e9nero y el empoderamiento de las mujeres.<br><\/p>\n\n\n\n<p class=\"wp-block-paragraph\">Finalmente, se precis\u00f3 que, para incorporar la perspectiva de g\u00e9nero en la elaboraci\u00f3n de los presupuestos p\u00fablicos, es importante plantear varias preguntas en cada una de las fases, las cuales son planeaci\u00f3n, presupuesto, implementaci\u00f3n, monitoreo y evaluaci\u00f3n.<\/p>\n","protected":false},"excerpt":{"rendered":"<p>Realizan tercera Reuni\u00f3n de Trabajo con las responsables de las Instancias Municipales de la Mujer, Regi\u00f3n Nezahualc\u00f3yotl. Con el objetivo de atender los distintos problemas que viven ni\u00f1as, adolescentes y mujeres, se capacit\u00f3 a las titulares de las Instancias Municipales de la Mujer (IMM), Regi\u00f3n Nezahualc\u00f3yotl, a fin de dar seguimiento a las acciones que [&hellip;]<\/p>\n","protected":false},"author":1,"featured_media":26818,"comment_status":"closed","ping_status":"closed","sticky":false,"template":"","format":"standard","meta":{"footnotes":""},"categories":[30,36],"tags":[],"class_list":["post-26817","post","type-post","status-publish","format-standard","has-post-thumbnail","hentry","category-destacado","category-edomex"],"_links":{"self":[{"href":"https:\/\/elinformante.mx\/index.php?rest_route=\/wp\/v2\/posts\/26817","targetHints":{"allow":["GET"]}}],"collection":[{"href":"https:\/\/elinformante.mx\/index.php?rest_route=\/wp\/v2\/posts"}],"about":[{"href":"https:\/\/elinformante.mx\/index.php?rest_route=\/wp\/v2\/types\/post"}],"author":[{"embeddable":true,"href":"https:\/\/elinformante.mx\/index.php?rest_route=\/wp\/v2\/users\/1"}],"replies":[{"embeddable":true,"href":"https:\/\/elinformante.mx\/index.php?rest_route=%2Fwp%2Fv2%2Fcomments&post=26817"}],"version-history":[{"count":0,"href":"https:\/\/elinformante.mx\/index.php?rest_route=\/wp\/v2\/posts\/26817\/revisions"}],"wp:featuredmedia":[{"embeddable":true,"href":"https:\/\/elinformante.mx\/index.php?rest_route=\/wp\/v2\/media\/26818"}],"wp:attachment":[{"href":"https:\/\/elinformante.mx\/index.php?rest_route=%2Fwp%2Fv2%2Fmedia&parent=26817"}],"wp:term":[{"taxonomy":"category","embeddable":true,"href":"https:\/\/elinformante.mx\/index.php?rest_route=%2Fwp%2Fv2%2Fcategories&post=26817"},{"taxonomy":"post_tag","embeddable":true,"href":"https:\/\/elinformante.mx\/index.php?rest_route=%2Fwp%2Fv2%2Ftags&post=26817"}],"curies":[{"name":"wp","href":"https:\/\/api.w.org\/{rel}","templated":true}]}}