{"id":26820,"date":"2023-05-19T14:58:41","date_gmt":"2023-05-19T14:58:41","guid":{"rendered":"https:\/\/elinformante.mx\/?p=26820"},"modified":"2023-05-19T14:58:41","modified_gmt":"2023-05-19T14:58:41","slug":"disturbios-en-coatepec-harinas-civiles-armados-queman-vehiculos","status":"publish","type":"post","link":"https:\/\/elinformante.mx\/?p=26820","title":{"rendered":"Disturbios en Coatepec Harinas; civiles armados queman veh\u00edculos"},"content":{"rendered":"\n<blockquote class=\"wp-block-quote is-layout-flow wp-block-quote-is-layout-flow\">\n<p class=\"wp-block-paragraph\">Sujetos encapuchados tomaron las instalaciones del Palacio Municipal; se reportaron balazos.<\/p>\n<\/blockquote>\n\n\n\n<p class=\"wp-block-paragraph\">La ma\u00f1ana de este jueves se registr\u00f3 una quema de veh\u00edculos en distintos puntos de Coatepec Harinas, presuntamente, los hechos se habr\u00edan originado por la privaci\u00f3n de la libertad de la delegada de la comunidad de Agua Amarga.<br><\/p>\n\n\n\n<p class=\"wp-block-paragraph\">Seg\u00fan los primeros reportes, supuestos integrantes de grupos criminales habr\u00edan sido los responsables de estos hechos; sin embargo la informaci\u00f3n no ha sido confirmada por las autoridades locales.<br><\/p>\n\n\n\n<p class=\"wp-block-paragraph\">Aunado a esto y seg\u00fan informaci\u00f3n del C5 en el lugar de los hechos se detect\u00f3 la presencia de viarias personas encapuchadas las cuales portaban armas de fuego y realizaron distintas detonaciones.<br><\/p>\n\n\n\n<figure class=\"wp-block-image size-large\"><img fetchpriority=\"high\" decoding=\"async\" width=\"1024\" height=\"503\" src=\"https:\/\/elinformante.mx\/wp-content\/uploads\/2023\/05\/DISTURBIOS-2-1024x503.jpg\" alt=\"\" class=\"wp-image-26822\" srcset=\"https:\/\/elinformante.mx\/wp-content\/uploads\/2023\/05\/DISTURBIOS-2-1024x503.jpg 1024w, https:\/\/elinformante.mx\/wp-content\/uploads\/2023\/05\/DISTURBIOS-2-300x147.jpg 300w, https:\/\/elinformante.mx\/wp-content\/uploads\/2023\/05\/DISTURBIOS-2-768x377.jpg 768w, https:\/\/elinformante.mx\/wp-content\/uploads\/2023\/05\/DISTURBIOS-2-580x285.jpg 580w, https:\/\/elinformante.mx\/wp-content\/uploads\/2023\/05\/DISTURBIOS-2-860x422.jpg 860w, https:\/\/elinformante.mx\/wp-content\/uploads\/2023\/05\/DISTURBIOS-2.jpg 1140w\" sizes=\"(max-width: 1024px) 100vw, 1024px\" \/><\/figure>\n\n\n\n<p class=\"wp-block-paragraph\">Seg\u00fan testimonios de los lugare\u00f1os, los disturbios se desencadenaron a ra\u00edz del presunto secuestro de la delegada municipal por parte de supuestos integrantes de la delincuencia organizada.<br><\/p>\n\n\n\n<p class=\"wp-block-paragraph\">En respuesta a esta situaci\u00f3n, un grupo de personas armadas y con los rostros cubiertos llev\u00f3 a cabo acciones violentas frente al Palacio Municipal.<br><\/p>\n\n\n\n<figure class=\"wp-block-image size-large\"><img decoding=\"async\" width=\"1024\" height=\"503\" src=\"https:\/\/elinformante.mx\/wp-content\/uploads\/2023\/05\/DISTURBIOS-1024x503.jpg\" alt=\"\" class=\"wp-image-26823\" srcset=\"https:\/\/elinformante.mx\/wp-content\/uploads\/2023\/05\/DISTURBIOS-1024x503.jpg 1024w, https:\/\/elinformante.mx\/wp-content\/uploads\/2023\/05\/DISTURBIOS-300x147.jpg 300w, https:\/\/elinformante.mx\/wp-content\/uploads\/2023\/05\/DISTURBIOS-768x377.jpg 768w, https:\/\/elinformante.mx\/wp-content\/uploads\/2023\/05\/DISTURBIOS-580x285.jpg 580w, https:\/\/elinformante.mx\/wp-content\/uploads\/2023\/05\/DISTURBIOS-860x422.jpg 860w, https:\/\/elinformante.mx\/wp-content\/uploads\/2023\/05\/DISTURBIOS.jpg 1140w\" sizes=\"(max-width: 1024px) 100vw, 1024px\" \/><\/figure>\n\n\n\n<p class=\"wp-block-paragraph\">La calle Benito Ju\u00e1rez, en el centro del municipio, fue escenario de los hechos, donde los encapuchados se resguardaron al interior del Palacio Municipal, cerca de una sucursal bancaria. Se desconoce la cantidad exacta de veh\u00edculos que han sido incendiados, pero los informes de los pobladores indican que se trata tanto de unidades particulares como de transporte p\u00fablico.<br><\/p>\n\n\n\n<p class=\"wp-block-paragraph\">La situaci\u00f3n de violencia ha llevado a que habitantes de Coatepec Harinas y municipios aleda\u00f1os denuncien la presencia de personas en motocicletas que recorren las calles para advertir a la poblaci\u00f3n que permanezca en sus casas y cierre todos los comercios. Se teme un posible enfrentamiento entre grupos criminales en la zona.<\/p>\n","protected":false},"excerpt":{"rendered":"<p>Sujetos encapuchados tomaron las instalaciones del Palacio Municipal; se reportaron balazos. La ma\u00f1ana de este jueves se registr\u00f3 una quema de veh\u00edculos en distintos puntos de Coatepec Harinas, presuntamente, los hechos se habr\u00edan originado por la privaci\u00f3n de la libertad de la delegada de la comunidad de Agua Amarga. Seg\u00fan los primeros reportes, supuestos integrantes [&hellip;]<\/p>\n","protected":false},"author":1,"featured_media":26821,"comment_status":"closed","ping_status":"closed","sticky":false,"template":"","format":"standard","meta":{"footnotes":""},"categories":[30,36],"tags":[],"class_list":["post-26820","post","type-post","status-publish","format-standard","has-post-thumbnail","hentry","category-destacado","category-edomex"],"_links":{"self":[{"href":"https:\/\/elinformante.mx\/index.php?rest_route=\/wp\/v2\/posts\/26820","targetHints":{"allow":["GET"]}}],"collection":[{"href":"https:\/\/elinformante.mx\/index.php?rest_route=\/wp\/v2\/posts"}],"about":[{"href":"https:\/\/elinformante.mx\/index.php?rest_route=\/wp\/v2\/types\/post"}],"author":[{"embeddable":true,"href":"https:\/\/elinformante.mx\/index.php?rest_route=\/wp\/v2\/users\/1"}],"replies":[{"embeddable":true,"href":"https:\/\/elinformante.mx\/index.php?rest_route=%2Fwp%2Fv2%2Fcomments&post=26820"}],"version-history":[{"count":0,"href":"https:\/\/elinformante.mx\/index.php?rest_route=\/wp\/v2\/posts\/26820\/revisions"}],"wp:featuredmedia":[{"embeddable":true,"href":"https:\/\/elinformante.mx\/index.php?rest_route=\/wp\/v2\/media\/26821"}],"wp:attachment":[{"href":"https:\/\/elinformante.mx\/index.php?rest_route=%2Fwp%2Fv2%2Fmedia&parent=26820"}],"wp:term":[{"taxonomy":"category","embeddable":true,"href":"https:\/\/elinformante.mx\/index.php?rest_route=%2Fwp%2Fv2%2Fcategories&post=26820"},{"taxonomy":"post_tag","embeddable":true,"href":"https:\/\/elinformante.mx\/index.php?rest_route=%2Fwp%2Fv2%2Ftags&post=26820"}],"curies":[{"name":"wp","href":"https:\/\/api.w.org\/{rel}","templated":true}]}}