{"id":26838,"date":"2023-05-19T15:20:35","date_gmt":"2023-05-19T15:20:35","guid":{"rendered":"https:\/\/elinformante.mx\/?p=26838"},"modified":"2023-05-19T15:20:36","modified_gmt":"2023-05-19T15:20:36","slug":"amnistia-internacional-exige-a-candidatas-a-gobernar-edomex-medidas-contra-feminicidios","status":"publish","type":"post","link":"https:\/\/elinformante.mx\/?p=26838","title":{"rendered":"Amnist\u00eda Internacional exige a candidatas a gobernar Edom\u00e9x medidas contra feminicidios"},"content":{"rendered":"\n<blockquote class=\"wp-block-quote is-layout-flow wp-block-quote-is-layout-flow\">\n<p class=\"wp-block-paragraph\">Es un estado letal para las mujeres, este es el estado del pa\u00eds donde m\u00e1s mujeres son asesinadas.<\/p>\n<\/blockquote>\n\n\n\n<p class=\"wp-block-paragraph\">Seg\u00fan cifras del Instituto Nacional de Estad\u00edstica y Geograf\u00eda (Inegi), en el Estado de M\u00e9xico se registraron 3,099 homicidios intencionales de mujeres y ni\u00f1as entre 2015 y<br><\/p>\n\n\n\n<p class=\"wp-block-paragraph\">La organizaci\u00f3n Amnist\u00eda Internacional (AI) y familiares de v\u00edctimas de feminicidio exigieron este jueves a las candidatas a gobernar el Estado de M\u00e9xico, que celebrar\u00e1 elecciones el 4 de junio, trazar una pol\u00edtica de atenci\u00f3n efectiva a desapariciones y homicidios contra mujeres en el estado con m\u00e1s violencia de g\u00e9nero.<br><\/p>\n\n\n\n<p class=\"wp-block-paragraph\">\u201cLo que queremos son propuestas concretas que atiendan lo que pasa en el Estado de M\u00e9xico. Es un estado letal para las mujeres, este es el estado del pa\u00eds donde m\u00e1s mujeres son asesinadas, en donde desaparecen mujeres todos los d\u00edas\u201d, se\u00f1al\u00f3 la directora ejecutiva de AI M\u00e9xico, Edith Olivares.<br><\/p>\n\n\n\n<p class=\"wp-block-paragraph\">Seg\u00fan cifras del Instituto Nacional de Estad\u00edstica y Geograf\u00eda (Inegi), en el Estado de M\u00e9xico se registraron 3,099 homicidios intencionales de mujeres y ni\u00f1as entre 2015 y 2021, cantidad superior en 341 casos al conjunto de los feminicidios (735) y homicidios intencionales (2,023) reportados por el Secretariado Ejecutivo del Sistema Nacional de Seguridad P\u00fablica.<br><\/p>\n\n\n\n<p class=\"wp-block-paragraph\">Mientras que de enero a marzo de este a\u00f1os, en el Estado de M\u00e9xico se acumulan 25 presuntos feminicidios, para ocupar el primer lugar en este delito.<br><\/p>\n\n\n\n<p class=\"wp-block-paragraph\">La petici\u00f3n se hizo en las instalaciones del Instituto Electoral local a Delfina G\u00f3mez, aspirante por la coalici\u00f3n de los oficialistas Morena y los Partidos del Trabajo (PT) y Verde Ecologista de M\u00e9xico (PVEM) y a Alejandra del Moral, abanderada por los opositores Partidos Revolucionario Institucional (PRI), de la Revoluci\u00f3n Democr\u00e1tica (PRD) y Acci\u00f3n Nacional (PAN).<br><\/p>\n\n\n\n<p class=\"wp-block-paragraph\">Se acompa\u00f1\u00f3 de un acto simb\u00f3lico para visibilizar los atrasos y revictimizaci\u00f3n que viven los familiares de mujeres desaparecidas o asesinadas desde hace m\u00e1s de una d\u00e9cada, enmarcadas en su campa\u00f1a \u201cHasta Ser Escuchadas\u201d.<br><\/p>\n\n\n\n<figure class=\"wp-block-image size-large\"><img fetchpriority=\"high\" decoding=\"async\" width=\"1024\" height=\"503\" src=\"https:\/\/elinformante.mx\/wp-content\/uploads\/2023\/05\/AMNISTIA-1024x503.jpg\" alt=\"\" class=\"wp-image-26840\" srcset=\"https:\/\/elinformante.mx\/wp-content\/uploads\/2023\/05\/AMNISTIA-1024x503.jpg 1024w, https:\/\/elinformante.mx\/wp-content\/uploads\/2023\/05\/AMNISTIA-300x147.jpg 300w, https:\/\/elinformante.mx\/wp-content\/uploads\/2023\/05\/AMNISTIA-768x377.jpg 768w, https:\/\/elinformante.mx\/wp-content\/uploads\/2023\/05\/AMNISTIA-580x285.jpg 580w, https:\/\/elinformante.mx\/wp-content\/uploads\/2023\/05\/AMNISTIA-860x422.jpg 860w, https:\/\/elinformante.mx\/wp-content\/uploads\/2023\/05\/AMNISTIA.jpg 1140w\" sizes=\"(max-width: 1024px) 100vw, 1024px\" \/><\/figure>\n\n\n\n<p class=\"wp-block-paragraph\">Olivares a\u00f1adi\u00f3 que aunque las candidatas, que se enfrentar\u00e1n en un segundo debate p\u00fablico este jueves, tiene algunas propuestas, no est\u00e1n debidamente focalizadas a la realidad de este estado del pa\u00eds.<br><\/p>\n\n\n\n<p class=\"wp-block-paragraph\">\u201cLas candidatas tienen algunas propuestas, son propuestas que lo mismo valen para el Estado de M\u00e9xico, que para cualquier otra entidad federativa en este pa\u00eds o para cualquier pa\u00eds del mundo\u201d, coment\u00f3.<br><\/p>\n\n\n\n<p class=\"wp-block-paragraph\">Tambi\u00e9n pidieron que las candidatas y la que resulte pr\u00f3xima gobernadora puedan tener una reuni\u00f3n con las familias de v\u00edctimas de feminicidios y desapariciones, a fin de ajustar las deficiencias encontradas en el sistema de atenci\u00f3n integral.<br><\/p>\n\n\n\n<p class=\"wp-block-paragraph\">En este sentido, la directora de AI M\u00e9xico enfatiz\u00f3 que la atenci\u00f3n del problema demanda cambios estructurales de fondo.<br><\/p>\n\n\n\n<p class=\"wp-block-paragraph\">Esto, con la participaci\u00f3n del Gobierno del Estado de M\u00e9xico, el Congreso, la Fiscal\u00eda General del Estado, la Comisi\u00f3n de Derechos Humanos local y los gobiernos municipales.<br><\/p>\n\n\n\n<p class=\"wp-block-paragraph\">\u201cCada uno tiene contribuciones importantes que hacer para atender los feminicidios y la violencia institucional\u201d, advirti\u00f3 Olivares.<br><\/p>\n\n\n\n<p class=\"wp-block-paragraph\">En la campa\u00f1a \u201cHasta Ser Escuchadas\u201d, AI revel\u00f3 omisiones y deficiencias cometidas por autoridades y personas servidoras p\u00fablicas del Estado de M\u00e9xico al investigar feminicidios y desapariciones.<br><\/p>\n\n\n\n<p class=\"wp-block-paragraph\">Entre los hallazgos resaltan: la p\u00e9rdida de evidencias, aplicaci\u00f3n nula de la perspectiva de g\u00e9nero, mientras que acusa que su inacci\u00f3n obliga a que las madres, hijas y familiares de v\u00edctimas de feminicidio hagan las labores que le corresponden al Estado para que su caso no quede impune.<\/p>\n","protected":false},"excerpt":{"rendered":"<p>Es un estado letal para las mujeres, este es el estado del pa\u00eds donde m\u00e1s mujeres son asesinadas. Seg\u00fan cifras del Instituto Nacional de Estad\u00edstica y Geograf\u00eda (Inegi), en el Estado de M\u00e9xico se registraron 3,099 homicidios intencionales de mujeres y ni\u00f1as entre 2015 y La organizaci\u00f3n Amnist\u00eda Internacional (AI) y familiares de v\u00edctimas de [&hellip;]<\/p>\n","protected":false},"author":1,"featured_media":26839,"comment_status":"closed","ping_status":"closed","sticky":false,"template":"","format":"standard","meta":{"footnotes":""},"categories":[30,36],"tags":[],"class_list":["post-26838","post","type-post","status-publish","format-standard","has-post-thumbnail","hentry","category-destacado","category-edomex"],"_links":{"self":[{"href":"https:\/\/elinformante.mx\/index.php?rest_route=\/wp\/v2\/posts\/26838","targetHints":{"allow":["GET"]}}],"collection":[{"href":"https:\/\/elinformante.mx\/index.php?rest_route=\/wp\/v2\/posts"}],"about":[{"href":"https:\/\/elinformante.mx\/index.php?rest_route=\/wp\/v2\/types\/post"}],"author":[{"embeddable":true,"href":"https:\/\/elinformante.mx\/index.php?rest_route=\/wp\/v2\/users\/1"}],"replies":[{"embeddable":true,"href":"https:\/\/elinformante.mx\/index.php?rest_route=%2Fwp%2Fv2%2Fcomments&post=26838"}],"version-history":[{"count":0,"href":"https:\/\/elinformante.mx\/index.php?rest_route=\/wp\/v2\/posts\/26838\/revisions"}],"wp:featuredmedia":[{"embeddable":true,"href":"https:\/\/elinformante.mx\/index.php?rest_route=\/wp\/v2\/media\/26839"}],"wp:attachment":[{"href":"https:\/\/elinformante.mx\/index.php?rest_route=%2Fwp%2Fv2%2Fmedia&parent=26838"}],"wp:term":[{"taxonomy":"category","embeddable":true,"href":"https:\/\/elinformante.mx\/index.php?rest_route=%2Fwp%2Fv2%2Fcategories&post=26838"},{"taxonomy":"post_tag","embeddable":true,"href":"https:\/\/elinformante.mx\/index.php?rest_route=%2Fwp%2Fv2%2Ftags&post=26838"}],"curies":[{"name":"wp","href":"https:\/\/api.w.org\/{rel}","templated":true}]}}