{"id":26842,"date":"2023-05-19T15:22:59","date_gmt":"2023-05-19T15:22:59","guid":{"rendered":"https:\/\/elinformante.mx\/?p=26842"},"modified":"2023-05-19T15:23:00","modified_gmt":"2023-05-19T15:23:00","slug":"promete-delfina-gomez-cero-impunidad-a-servidores-publicos","status":"publish","type":"post","link":"https:\/\/elinformante.mx\/?p=26842","title":{"rendered":"Promete Delfina G\u00f3mez cero impunidad a servidores p\u00fablicos"},"content":{"rendered":"\n<blockquote class=\"wp-block-quote is-layout-flow wp-block-quote-is-layout-flow\">\n<p class=\"wp-block-paragraph\">El Edom\u00e9x ya eligi\u00f3 el cambio, asegur\u00f3 a trav\u00e9s de su cuenta de Twitter.<\/p>\n<\/blockquote>\n\n\n\n<p class=\"wp-block-paragraph\">La candidata de la alianza Juntos por el Estado de M\u00e9xico a la gubernatura de esa entidad, Delfina G\u00f3mez \u00c1lvarez, se\u00f1al\u00f3 que en su gobierno se acabar\u00e1n los abusos de poder. \u201cVamos a establecer mayores sanciones y cero impunidad a servidores p\u00fablicos corruptos, porque el pueblo est\u00e1 cansado de tantos robos y transas de los pol\u00edticos de siempre. \u00a1El EdoMex ya eligi\u00f3 el cambio!\u201d, asegur\u00f3 a trav\u00e9s de su cuenta de Twitter.<br><\/p>\n\n\n\n<p class=\"wp-block-paragraph\">Asimismo, llam\u00f3 a los ciudadanos a salir a votar este 4 de junio, porque ese es el primer paso para el cambio.<br><\/p>\n\n\n\n<p class=\"wp-block-paragraph\">\u201cNo olvides marcar en tu boleta la \u00fanica opci\u00f3n que har\u00e1 valer la voz y la confianza de las y los mexiquenses. \u00a1En esta jornada electoral, haremos historia en el EdoMex!\u201d, se\u00f1al\u00f3 con una imagen de la boleta que se utilizar\u00e1 en las pr\u00f3ximas elecciones.<br><\/p>\n\n\n\n<p class=\"wp-block-paragraph\">Asimismo, se\u00f1al\u00f3 que el cambio verdadero en Edom\u00e9x nos convoca a todas, todos y todes \u201cVamos a garantizar el der a la diversidad y el apoyo a la comunidad LGBTTTIQ+<br><\/p>\n\n\n\n<p class=\"wp-block-paragraph\">Buscamos crear Cl\u00ednicas Arco\u00edris para atender a personas con VIH e impulsar la creaci\u00f3n de la Fiscal\u00eda Especializada en Delitos por Discriminaci\u00f3n, por Orientaci\u00f3n Sexual y Transfeminicidios\u201d, acot\u00f3.<\/p>\n","protected":false},"excerpt":{"rendered":"<p>El Edom\u00e9x ya eligi\u00f3 el cambio, asegur\u00f3 a trav\u00e9s de su cuenta de Twitter. La candidata de la alianza Juntos por el Estado de M\u00e9xico a la gubernatura de esa entidad, Delfina G\u00f3mez \u00c1lvarez, se\u00f1al\u00f3 que en su gobierno se acabar\u00e1n los abusos de poder. \u201cVamos a establecer mayores sanciones y cero impunidad a servidores [&hellip;]<\/p>\n","protected":false},"author":1,"featured_media":26843,"comment_status":"closed","ping_status":"closed","sticky":false,"template":"","format":"standard","meta":{"footnotes":""},"categories":[36],"tags":[],"class_list":["post-26842","post","type-post","status-publish","format-standard","has-post-thumbnail","hentry","category-edomex"],"_links":{"self":[{"href":"https:\/\/elinformante.mx\/index.php?rest_route=\/wp\/v2\/posts\/26842","targetHints":{"allow":["GET"]}}],"collection":[{"href":"https:\/\/elinformante.mx\/index.php?rest_route=\/wp\/v2\/posts"}],"about":[{"href":"https:\/\/elinformante.mx\/index.php?rest_route=\/wp\/v2\/types\/post"}],"author":[{"embeddable":true,"href":"https:\/\/elinformante.mx\/index.php?rest_route=\/wp\/v2\/users\/1"}],"replies":[{"embeddable":true,"href":"https:\/\/elinformante.mx\/index.php?rest_route=%2Fwp%2Fv2%2Fcomments&post=26842"}],"version-history":[{"count":0,"href":"https:\/\/elinformante.mx\/index.php?rest_route=\/wp\/v2\/posts\/26842\/revisions"}],"wp:featuredmedia":[{"embeddable":true,"href":"https:\/\/elinformante.mx\/index.php?rest_route=\/wp\/v2\/media\/26843"}],"wp:attachment":[{"href":"https:\/\/elinformante.mx\/index.php?rest_route=%2Fwp%2Fv2%2Fmedia&parent=26842"}],"wp:term":[{"taxonomy":"category","embeddable":true,"href":"https:\/\/elinformante.mx\/index.php?rest_route=%2Fwp%2Fv2%2Fcategories&post=26842"},{"taxonomy":"post_tag","embeddable":true,"href":"https:\/\/elinformante.mx\/index.php?rest_route=%2Fwp%2Fv2%2Ftags&post=26842"}],"curies":[{"name":"wp","href":"https:\/\/api.w.org\/{rel}","templated":true}]}}